{"id":15079,"date":"2023-03-01T06:28:43","date_gmt":"2023-03-01T06:28:43","guid":{"rendered":"https:\/\/touringcars.com\/tips-innan-du-aker-till-island\/"},"modified":"2025-02-27T17:43:45","modified_gmt":"2025-02-27T17:43:45","slug":"tips-innan-du-aker-till-island","status":"publish","type":"post","link":"https:\/\/www.touringcars.com\/sv\/tips-om-resor\/tips-innan-du-aker-till-island\/","title":{"rendered":"Tips innan du \u00e5ker till Island"},"content":{"rendered":"\n<h3 class=\"wp-block-heading\"><span style=\"font-size: 22px;\">Tips f\u00f6r en roadtrip p\u00e5 Island  <\/span><\/h3>\n\n<p><em>Vi har samlat n\u00e5gra tips om vad du b\u00f6r t\u00e4nka p\u00e5 n\u00e4r du reser p\u00e5 Island.<\/em><\/p>\n\n<p>Island \u00e4r en unik plats att bes\u00f6ka. En hyrd husbil \u00e4r nyckeln till friheten att se s\u00e5 mycket du vill med dina villkor och baserat p\u00e5 dina scheman. Dessutom kommer du att ha all relevant utrustning och naturskyddande infra i ett fordon f\u00f6r att njuta av en s\u00e4ker, bekv\u00e4m och naturv\u00e5rdande roadtrip.    <\/p>\n\n<figure class=\"wp-block-image\"><img decoding=\"async\" src=\"https:\/\/touringcars.com\/wp-content\/uploads\/2023\/03\/iceland20jonatan20pie20unsplash.jpg\" alt=\"island berg norrsken resor husbil husbil husbil\"\/><figcaption class=\"wp-element-caption\"><em><span style=\"font-size: 11px;\">Foto av Jonatan Pie via Unsplash<\/span><\/em><\/figcaption><\/figure>\n\n<p><\/p>\n\n<h4 class=\"wp-block-heading\"><span style=\"font-size: 20px;\">Var uppm\u00e4rksam p\u00e5 snabbt skiftande v\u00e4derf\u00f6rh\u00e5llanden  <\/span><\/h4>\n\n<p>Spring break, tidig sommar eller tidig h\u00f6st \u00e4r perfekta tidpunkter f\u00f6r att resa och utforska detta spektakul\u00e4ra resm\u00e5l utan tr\u00e4ngsel och f\u00f6r att njuta av semestern till l\u00e4gre priser. Det kr\u00e4vs bara lite mer f\u00f6rsiktighet och r\u00e4tt kl\u00e4der i flera lager. Men kom ocks\u00e5 ih\u00e5g att v\u00e4dret p\u00e5 Island kan skifta snabbt och att kraftiga vindar kan f\u00f6rekomma under hela \u00e5ret.  <\/p>\n\n<p>V\u00e5rv\u00e4dret p\u00e5 Island \u00e4r en blandning av solsken, regn och sn\u00f6. Den genomsnittliga dagstemperaturen i april varierar fr\u00e5n +0\u00b0C till +10\u00b0C, men nattetid kan temperaturen sjunka under fryspunkten. S\u00e5 var f\u00f6rsiktig, s\u00e4rskilt n\u00e4r du k\u00f6r tidigt p\u00e5 morgonen eller sent p\u00e5 kv\u00e4llen eftersom v\u00e4garna kan vara hala. P\u00e5 sommaren \u00e4r det mellan +10 och +15\u00b0C och det regnar ibland. Det bl\u00e5ser alltid p\u00e5 denna destination, s\u00e5 kom ih\u00e5g att packa ordentliga kl\u00e4der f\u00f6r att kunna njuta av utomhuslivet n\u00e4r det \u00e4r som b\u00e4st.      <\/p>\n\n<p>P\u00e5 Island p\u00e5g\u00e5r norrskenss\u00e4songen (den tid d\u00e5 magiska v\u00e5gor f\u00e4rgar den m\u00f6rka himlen) fr\u00e5n september till april, vilket \u00e4r den l\u00e4ngsta perioden j\u00e4mf\u00f6rt med andra nordiska l\u00e4nder tack vare landets nordligaste l\u00e4ge. P\u00e5 sommaren har de nordiska l\u00e4nderna fenomenet midnattssol. Solen g\u00e5r inte ner under horisonten alls under hela dagen, vilket \u00e4r motsatsen till den mystiska m\u00f6rkerperioden som du kan bevittna i Norden p\u00e5 vintern.    <\/p>\n\n<p>Soluppg\u00e5ngen i april sker redan runt kl. 6.45 och solnedg\u00e5ngen strax efter kl. 20.00. Men dygnets l\u00e4ngd \u00f6kar snabbt under v\u00e5ren, ca 3 timmar per m\u00e5nad fram mot sommaren. S\u00e4rskilt n\u00e4r du k\u00f6r i dimma eller kv\u00e4llsskymning p\u00e5 landsbygden, se upp f\u00f6r djur som korsar v\u00e4gen eller n\u00e4r du uppt\u00e4cker dem som stannar vid sidan av v\u00e4gen. P\u00e5 v\u00e5ren \u00e4r det dags f\u00f6r lammen att f\u00f6das. Deras beteende \u00e4r of\u00f6ruts\u00e4gbart n\u00e4r ett fordon n\u00e4rmar sig.    <\/p>\n\n<figure class=\"wp-block-image\"><img decoding=\"async\" src=\"https:\/\/touringcars.com\/wp-content\/uploads\/2023\/03\/iceland20shutterstock20hiking.jpg\" alt=\"island berg vandring resa husbil husbil\"\/><figcaption class=\"wp-element-caption\"><em><span style=\"font-size: 11px;\">Foto av Vitalii Matokha via Shutterstock<\/span><\/em><\/figcaption><\/figure>\n\n<p><\/p>\n\n<h3 class=\"wp-block-heading\"><span style=\"font-size: 20px;\">N\u00e5gra tips f\u00f6r din husbilssemester<\/span><\/h3>\n\n<p>Det \u00e4r ocks\u00e5 bra att ta h\u00e4nsyn till att grusv\u00e4gar ofta \u00e4r smala, s\u00e4rskilt n\u00e4r man k\u00f6r med en stor husbil. Steniga v\u00e4gar \u00e4r ocks\u00e5 halare \u00e4n asfalterade v\u00e4gar under alla f\u00f6rh\u00e5llanden p\u00e5 grund av l\u00f6st material. Observera ocks\u00e5 att flygande stenar l\u00e4tt kan krossa husbilens vindruta.    <\/p>\n\n<p>H\u00e5ll dig p\u00e5 det officiella v\u00e4gn\u00e4tet. Det \u00e4r f\u00f6rbjudet att k\u00f6ra i terr\u00e4ng eftersom det l\u00e4tt kan orsaka skador p\u00e5 den \u00f6mt\u00e5liga naturen. Vildcamping \u00e4r inte heller till\u00e5tet p\u00e5 Island. Campare kan stanna en natt p\u00e5 en campingplats eller privat\u00e4gd mark med \u00e4garens tillst\u00e5nd. Priset kan variera fr\u00e5n 1.500ISK (ca 10\u20ac) till 2.500ISK (17\u20ac) per person och natt. Barn under 12 \u00e5r debiteras vanligtvis inte. D\u00e4remot kan till\u00e4ggstj\u00e4nster som el eller anv\u00e4ndning av dusch och tv\u00e4ttmaskin vara exkluderade fr\u00e5n \u00f6vernattningsavgiften.      <\/p>\n\n<p>Var du \u00e4n reser, f\u00f6lj alltid Leave No Trace-principerna f\u00f6r att skydda den \u00f6mt\u00e5liga naturen. Undvik att st\u00f6ra vilda djur, ta med dig alla dina sopor p\u00e5 vandringen och t\u00f6m fordonets infrastruktur (sopor, gr\u00e5vatten och sanitet) endast vid de speciella infrastrukturpunkter som byggts f\u00f6r dem.   <\/p>\n\n<p>Touring Cars Keflavik tillhandah\u00e5ller surfplattor med en WIFI-anslutning som en kostnadsfri tj\u00e4nst. D\u00e4r kan du hitta en Friend APP som hj\u00e4lper dig att planera en bilresa genom att v\u00e4lja f\u00e4rdiga rutter, kontrollera n\u00e4rliggande campingplatser och lokala tj\u00e4nster, och \u00e4ven infraserviceplatser. Mobilapplikationen inneh\u00e5ller ocks\u00e5 dessa relevanta l\u00e4nkar f\u00f6r din semester:    <\/p>\n\n<ul class=\"wp-block-list\">\n<li><a href=\"https:\/\/safetravel.is\/conditions\" target=\"_blank\" rel=\"noopener\">Resans skick<\/a><\/li>\n\n\n\n<li><a href=\"https:\/\/www.road.is\/\" target=\"_blank\" rel=\"noopener\">V\u00e4gf\u00f6rh\u00e5llanden<\/a><\/li>\n\n\n\n<li><a href=\"https:\/\/en.vedur.is\/\" target=\"_blank\" rel=\"noopener\">V\u00e4derf\u00f6rh\u00e5llanden<\/a><\/li>\n\n\n\n<li><a href=\"https:\/\/www.visiticeland.com\/accommodations\/?category=5ec7d096a90548233654d4b9&amp;page=0&amp;subcategory=5ec7d096a90548233654d472%2C5ec7d096a90548233654d47a\" target=\"_blank\" rel=\"noopener\">Campingplatser &#8211; inklusive vintercamping<\/a><\/li>\n\n\n\n<li><a href=\"https:\/\/map.visiticeland.com\/\" target=\"_blank\" rel=\"noopener\">Kartl\u00e4gg din k\u00f6rning p\u00e5 en interaktiv karta<\/a><\/li>\n<\/ul>\n\n<figure class=\"wp-block-image\"><img decoding=\"async\" src=\"https:\/\/touringcars.com\/wp-content\/uploads\/2023\/03\/iceland20paddle20north20unsplash.jpg\" alt=\"island paddelbr&#xE4;da aktivitet resa husbil husbil\"\/><figcaption class=\"wp-element-caption\"><em><span style=\"font-size: 11px;\">Foto av Paddle North via Unsplash<\/span><\/em><\/figcaption><\/figure>\n\n<p><\/p>\n\n<h4 class=\"wp-block-heading\"><span style=\"font-size: 20px;\">Packa kl\u00e4der i flera lager<\/span><\/h4>\n\n<p>Du kan njuta av utomhuslivet i alla v\u00e4derf\u00f6rh\u00e5llanden n\u00e4r du b\u00e4r r\u00e4tt kl\u00e4der. P\u00e5 grund av det of\u00f6ruts\u00e4gbara v\u00e4dret under hela \u00e5ret p\u00e5 Island, v\u00e4lj vattent\u00e4ta och vindt\u00e4ta ytterkl\u00e4der med dig, inklusive jackor, byxor och skor. Kom ih\u00e5g att \u00e4ven packa med varma lager som termiska underkl\u00e4der och \u00e4nnu tjockare mellanlager. Gl\u00f6m inte varma strumpor, handskar och huvudbonader.   <\/p>\n\n<p>N\u00e4r du b\u00e4r kl\u00e4der i flera lager \u00e4r det l\u00e4tt att ta av och l\u00e4gga till mer kl\u00e4der n\u00e4r v\u00e4derf\u00f6rh\u00e5llandena \u00e4ndras p\u00e5 din expedition i naturen eller n\u00e4r du \u00e4gnar dig \u00e5t en sportaktivitet.  <\/p>\n\n<p>\u00c4ven under sommartid kan temperaturen sjunka snabbt p\u00e5 kv\u00e4llarna och p\u00e5 h\u00f6gre h\u00f6jder. Dessutom kan det f\u00f6rekomma starka vindar under hela \u00e5ret p\u00e5 Island. \u00c4ven p\u00e5 sommaren kan du l\u00e4tt bli kall i bl\u00e5sigt v\u00e4der om du inte har r\u00e4tt kl\u00e4der p\u00e5 dig.  <\/p>\n\n<p>Och slutligen&#8230; Kom ih\u00e5g att   <strong>ta med dig din baddr\u00e4kt n\u00e4r du reser. Det finns m\u00e5nga o <\/strong>f platser att stanna till p\u00e5 och njuta av en helande stund. Du kan v\u00e4lja mellan h\u00e4rliga till mer naturlika geotermiska pooler eller bada i en varm flod.   <\/p>\n\n<figure class=\"wp-block-image\"><img decoding=\"async\" src=\"https:\/\/touringcars.com\/wp-content\/uploads\/2023\/03\/iceland20hybridimages20shutterstock.jpg\" alt=\"island varm k&#xE4;lla termalbad resa husbil husbil\"\/><figcaption class=\"wp-element-caption\"><em><span style=\"font-size: 11px;\">Foto av Hybrid images via Shutterstock<\/span><\/em><\/figcaption><\/figure>\n\n<p><\/p>\n\n<h3 class=\"wp-block-heading\"><span style=\"font-size: 20px;\">Dramatiskt och unikt landskap v\u00e4ntar p\u00e5 ditt bes\u00f6k<\/span><\/h3>\n\n<p>Island \u00e4r ett av de resm\u00e5l som man bara f\u00e5r uppleva en g\u00e5ng i livet.<strong> <\/strong>F\u00f6r att njuta av en s\u00e4ker, ansvarsfull och naturv\u00e4nlig semester b\u00f6r du ta dig tid att planera och bekanta dig med lokala erbjudanden och instruktioner.<\/p>\n\n<ul class=\"wp-block-list\">\n<li><a title=\"Klicka och l&#xE4;s om Island som resm&#xE5;l\" href=\"https:\/\/www.touringcars.eu\/en\/country\/iceland\" target=\"_blank\" rel=\"noopener\">Har du redan bes\u00f6kt v\u00e5r <strong>destinationssida<\/strong>?<\/a><\/li>\n\n\n\n<li><a href=\"https:\/\/www.visiticeland.com\/%C2%A0\" target=\"_blank\" rel=\"noopener\">Kontrollera den <strong>officiella turistinformationssidan<\/strong> <\/a><\/li>\n<\/ul>\n\n<h3 class=\"wp-block-heading\">L\u00e5t dig inspireras p\u00e5 sociala plattformar:  <\/h3>\n\n<ul class=\"wp-block-list\">\n<li>Kolla in v\u00e5r profil <em>p\u00e5 <\/em> koncernniv\u00e5: p\u00e5 <a title=\"F&#xF6;lj Touring Cars p&#xE5; Instagram\" href=\"https:\/\/www.instagram.com\/touring_cars\/\"><em><strong>Instagram<\/strong><\/em><\/a><em> eller p\u00e5 <\/em><a title=\"F&#xF6;lj Touring Cars p&#xE5; Facebook\" href=\"https:\/\/www.facebook.com\/touringcars\"><em><strong>p\u00e5 Facebook<\/strong><\/em><\/a><em><strong>.<\/strong><\/em><\/li>\n\n\n\n<li>F\u00e5 lokala tips p\u00e5<em><strong> <\/strong><\/em>TC Keflaviks profil: p\u00e5 <a href=\"https:\/\/www.instagram.com\/tciceland\/%C2%A0\" target=\"_blank\" rel=\"noopener\"><strong>Instagram <\/strong><\/a>eller p\u00e5 <a href=\"https:\/\/www.facebook.com\/touringcarsiceland\" target=\"_blank\" rel=\"noopener\"><strong>p\u00e5 Facebook<\/strong><\/a><strong> <\/strong><\/li>\n<\/ul>\n\n<figure class=\"wp-block-image\"><img decoding=\"async\" src=\"https:\/\/touringcars.com\/wp-content\/uploads\/2023\/03\/hans-hamann-unsplash-iceland-couple.jpg\" alt=\"island berg vandring resa husbil husbil\"\/><figcaption class=\"wp-element-caption\"><em><span style=\"font-size: 11px;\">Foto av Hans Hamann via Unsplash<\/span><\/em><\/figcaption><\/figure>\n\n<p><\/p>\n\n<h3 class=\"wp-block-heading\"><span style=\"font-size: 20px;\">Njut av en Good Feeling-semester med oss<\/span><\/h3>\n\n<p>Om du beh\u00f6ver ytterligare v\u00e4gledning, tveka inte att kontakta v\u00e5rt internationella f\u00f6rs\u00e4ljningskontor (service p\u00e5 engelska) via telefon, e-post eller onlinechatt. Om du har bokat transfer fr\u00e5n flygplatsen p\u00e5 din ankomstdag, kom ih\u00e5g att informera din flyginformation <a title=\"Informera om ditt flightnummer och ber&#xE4;knad ankomsttid\" href=\"mailto:keflavik@touringcars.eu\" target=\"_blank\" rel=\"noopener\">till uthyrningsstationen<\/a>. Vi ses! <\/p>\n\n<p><strong>HUSBILSUTHYRNING I EUROPA<\/strong><\/p>\n\n<p><strong>Touring Cars internationella f\u00f6rs\u00e4ljningskontor<\/strong><\/p>\n\n<p>tel. <a href=\"tel:35898494050\">+358 9 849 4050<\/a> <a href=\"mailto:info@touringcars.eu\">info@touringcars.eu<\/a> <\/p>\n\n<p><a title=\"Kontakta oss\" href=\"https:\/\/www.touringcars.eu\/en\/contact-us\">Kontakta oss<\/a><\/p>\n\n<p><strong>HUSBILSUTHYRNING P\u00c5 ISLAND<\/strong><\/p>\n\n<p><strong>Turistbilar Keflavik<\/strong><\/p>\n\n<p><a href=\"https:\/\/goo.gl\/maps\/75y3UW1wZA2r3mHy5\" target=\"_blank\" rel=\"noopener\">Se v\u00e5r placering p\u00e5 Island<\/a><\/p>\n\n<p><em><span style=\"font-size: 20px;\">Tyckte du om artikeln? Vilka andra tips skulle du vilja f\u00e5 innan du reser till destinationen? <\/span><\/em><\/p>\n\n<p>Dela g\u00e4rna med dig av dina <a title=\"Skicka g&#xE4;rna dina inneh&#xE5;llstips till oss\" href=\"mailto:info@touringcars.eu\" target=\"_blank\" rel=\"noopener\" aria-label=\"Blog content tips from customers\">tankar till oss<\/a>.  <\/p>\n","protected":false},"excerpt":{"rendered":"<p>Tips f\u00f6r en roadtrip p\u00e5 Island Vi har samlat n\u00e5gra tips om vad du&#8230;<\/p>\n","protected":false},"author":1,"featured_media":4807,"comment_status":"closed","ping_status":"closed","sticky":false,"template":"","format":"standard","meta":{"_acf_changed":false,"footnotes":""},"categories":[293],"tags":[],"location":[120,156],"class_list":["post-15079","post","type-post","status-publish","format-standard","has-post-thumbnail","hentry","category-tips-om-resor","location-island-sv","location-norden-sv"],"acf":[],"_links":{"self":[{"href":"https:\/\/www.touringcars.com\/sv\/wp-json\/wp\/v2\/posts\/15079","targetHints":{"allow":["GET"]}}],"collection":[{"href":"https:\/\/www.touringcars.com\/sv\/wp-json\/wp\/v2\/posts"}],"about":[{"href":"https:\/\/www.touringcars.com\/sv\/wp-json\/wp\/v2\/types\/post"}],"author":[{"embeddable":true,"href":"https:\/\/www.touringcars.com\/sv\/wp-json\/wp\/v2\/users\/1"}],"replies":[{"embeddable":true,"href":"https:\/\/www.touringcars.com\/sv\/wp-json\/wp\/v2\/comments?post=15079"}],"version-history":[{"count":1,"href":"https:\/\/www.touringcars.com\/sv\/wp-json\/wp\/v2\/posts\/15079\/revisions"}],"predecessor-version":[{"id":15081,"href":"https:\/\/www.touringcars.com\/sv\/wp-json\/wp\/v2\/posts\/15079\/revisions\/15081"}],"wp:featuredmedia":[{"embeddable":true,"href":"https:\/\/www.touringcars.com\/sv\/wp-json\/wp\/v2\/media\/4807"}],"wp:attachment":[{"href":"https:\/\/www.touringcars.com\/sv\/wp-json\/wp\/v2\/media?parent=15079"}],"wp:term":[{"taxonomy":"category","embeddable":true,"href":"https:\/\/www.touringcars.com\/sv\/wp-json\/wp\/v2\/categories?post=15079"},{"taxonomy":"post_tag","embeddable":true,"href":"https:\/\/www.touringcars.com\/sv\/wp-json\/wp\/v2\/tags?post=15079"},{"taxonomy":"location","embeddable":true,"href":"https:\/\/www.touringcars.com\/sv\/wp-json\/wp\/v2\/location?post=15079"}],"curies":[{"name":"wp","href":"https:\/\/api.w.org\/{rel}","templated":true}]}}