{"id":15076,"date":"2023-10-01T12:11:50","date_gmt":"2023-10-01T12:11:50","guid":{"rendered":"https:\/\/touringcars.com\/husbil-med-husdjur\/"},"modified":"2025-05-12T13:02:16","modified_gmt":"2025-05-12T13:02:16","slug":"husbil-med-husdjur","status":"publish","type":"post","link":"https:\/\/www.touringcars.com\/sv\/tips-om-resor\/husbil-med-husdjur\/","title":{"rendered":"Husbil med husdjur"},"content":{"rendered":"\n<h3 class=\"wp-block-heading LC20lb MBeuO DKV0Md\">Husbilssemester med husdjur<\/h3>\n\n\n\n<p><em>Denna artikel syftar till att ge praktiska tips om att resa med ett husdjur i en husbil.<\/em><\/p>\n\n\n\n<p>Att resa med en husbil ger dig nyckeln till frihet f\u00f6r en enkel och bekv\u00e4m semester under hela \u00e5ret. Husdjur f\u00e5r ocks\u00e5 f\u00f6lja med p\u00e5 en \u00e4ventyrlig semester. I den h\u00e4r bloggen kommer vi att dela med oss av n\u00e5gra tips f\u00f6r en husdjursv\u00e4nlig husbilsresa.  <\/p>\n\n\n\n<figure class=\"wp-block-image size-full\"><img decoding=\"async\" src=\"https:\/\/www.touringcars.com\/wp-content\/uploads\/2025\/05\/carado-imagebank-data_OTZ_Semi-Integrated_T448_PI_2024_0241_21-31-41_WEB.jpg\" alt=\"\" class=\"wp-image-18548\"\/><\/figure>\n\n\n\n<p class=\"text-align-center\"><\/p>\n\n\n\n<h3 class=\"wp-block-heading\">V\u00e4lja r\u00e4tt fordon<\/h3>\n\n\n\n<p>N\u00e4r du planerar en bilresa med din hund eller katt \u00e4r det viktigt att boka ett l\u00e4mpligt fordon f\u00f6r din resegrupp. Beroende p\u00e5 ditt husdjurs storlek, personlighet och egenskaper, se till att v\u00e4lja ett l\u00e4mpligt<em> boende p\u00e5 hjul som ger tillr\u00e4ckligt med utrymme f\u00f6r <\/em>att det ska kunna r\u00f6ra sig och vila bekv\u00e4mt p\u00e5 golvytan. Det \u00e4r dock tillr\u00e5dligt att h\u00e5lla ditt husdjur utomhus i koppel s\u00e5 mycket som m\u00f6jligt under dina stopp s\u00e5 att det kan slappna av och vila i den friska luften.  <\/p>\n\n\n\n<p>Kom ih\u00e5g att \u00e4ven inkludera en till\u00e4ggstj\u00e4nst, <em>reng\u00f6ring av husdjur<\/em>, i din onlinebokning. Husbilen som du l\u00e4mnar tillbaka m\u00e5ste genomg\u00e5 en grundlig reng\u00f6ring och en joniseringsprocess f\u00f6r att bli sanerad och alla allergener kommer att tas bort innan n\u00e4sta resegrupp anl\u00e4nder. <\/p>\n\n\n<section class=\"block block-postsslider style-small\">\r\n    <div class=\"container reveal\">\r\n        <h2>Touring Cars motorhomes<\/h2><div class=\"glide articles-slider\" data-uid=\"69f2b7b9ec79c\"><div class=\"glide__track\" data-glide-el=\"track\"><ul class=\"glide__slides\"><li class=\"glide__slide\"><article class=\"article reveal\"><div class=\"image-container\"><a href=\"https:\/\/www.touringcars.com\/sv\/vehicle-category\/urban-van-automatic\/\"><img decoding=\"async\" src=\"https:\/\/www.touringcars.com\/wp-content\/uploads\/2025\/12\/Urban-Van-1-574x411.jpg\" srcset=\"https:\/\/www.touringcars.com\/wp-content\/uploads\/2025\/12\/Urban-Van-1-300x215.jpg 300w, https:\/\/www.touringcars.com\/wp-content\/uploads\/2025\/12\/Urban-Van-1-1024x733.jpg 1024w, https:\/\/www.touringcars.com\/wp-content\/uploads\/2025\/12\/Urban-Van-1-768x550.jpg 768w, https:\/\/www.touringcars.com\/wp-content\/uploads\/2025\/12\/Urban-Van-1-828x593.jpg 828w, https:\/\/www.touringcars.com\/wp-content\/uploads\/2025\/12\/Urban-Van-1-714x511.jpg 714w, https:\/\/www.touringcars.com\/wp-content\/uploads\/2025\/12\/Urban-Van-1-180x129.jpg 180w, https:\/\/www.touringcars.com\/wp-content\/uploads\/2025\/12\/Urban-Van-1-412x295.jpg 412w, https:\/\/www.touringcars.com\/wp-content\/uploads\/2025\/12\/Urban-Van-1-574x411.jpg 574w, https:\/\/www.touringcars.com\/wp-content\/uploads\/2025\/12\/Urban-Van-1.jpg 1348w\" alt=\"Urban Van Automatic f\u00f6r 2\"><\/a><\/div><div class=\"content-container\"><h3><a href=\"https:\/\/www.touringcars.com\/sv\/vehicle-category\/urban-van-automatic\/\">Urban Van Automatic f\u00f6r 2<\/a><\/h3><\/div><\/article><\/li><li class=\"glide__slide\"><article class=\"article reveal\"><div class=\"image-container\"><a href=\"https:\/\/www.touringcars.com\/sv\/vehicle-category\/camp-automatic\/\"><img decoding=\"async\" src=\"https:\/\/www.touringcars.com\/wp-content\/uploads\/2025\/12\/camp-automatic-574x411.jpeg\" srcset=\"https:\/\/www.touringcars.com\/wp-content\/uploads\/2025\/12\/camp-automatic-300x215.jpeg 300w, https:\/\/www.touringcars.com\/wp-content\/uploads\/2025\/12\/camp-automatic-1024x733.jpeg 1024w, https:\/\/www.touringcars.com\/wp-content\/uploads\/2025\/12\/camp-automatic-768x550.jpeg 768w, https:\/\/www.touringcars.com\/wp-content\/uploads\/2025\/12\/camp-automatic-828x593.jpeg 828w, https:\/\/www.touringcars.com\/wp-content\/uploads\/2025\/12\/camp-automatic-714x511.jpeg 714w, https:\/\/www.touringcars.com\/wp-content\/uploads\/2025\/12\/camp-automatic-574x411.jpeg 574w, https:\/\/www.touringcars.com\/wp-content\/uploads\/2025\/12\/camp-automatic.jpeg 1348w\" alt=\"CAMP AUTOMATIC f\u00f6r 2\"><\/a><\/div><div class=\"content-container\"><h3><a href=\"https:\/\/www.touringcars.com\/sv\/vehicle-category\/camp-automatic\/\">CAMP AUTOMATIC f\u00f6r 2<\/a><\/h3><\/div><\/article><\/li><li class=\"glide__slide\"><article class=\"article reveal\"><div class=\"image-container\"><a href=\"https:\/\/www.touringcars.com\/sv\/vehicle-category\/van\/\"><img decoding=\"async\" src=\"https:\/\/www.touringcars.com\/wp-content\/uploads\/2025\/02\/carado-imagebank-data_VE_Camper-Van_CV640_CU_2025_1002_21-31-41_web-450x300.jpg\" srcset=\"https:\/\/www.touringcars.com\/wp-content\/uploads\/2025\/02\/carado-imagebank-data_VE_Camper-Van_CV640_CU_2025_1002_21-31-41_web-300x200.jpg 300w, https:\/\/www.touringcars.com\/wp-content\/uploads\/2025\/02\/carado-imagebank-data_VE_Camper-Van_CV640_CU_2025_1002_21-31-41_web-1024x682.jpg 1024w, https:\/\/www.touringcars.com\/wp-content\/uploads\/2025\/02\/carado-imagebank-data_VE_Camper-Van_CV640_CU_2025_1002_21-31-41_web-768x512.jpg 768w, https:\/\/www.touringcars.com\/wp-content\/uploads\/2025\/02\/carado-imagebank-data_VE_Camper-Van_CV640_CU_2025_1002_21-31-41_web-1536x1024.jpg 1536w, https:\/\/www.touringcars.com\/wp-content\/uploads\/2025\/02\/carado-imagebank-data_VE_Camper-Van_CV640_CU_2025_1002_21-31-41_web-2048x1365.jpg 2048w, https:\/\/www.touringcars.com\/wp-content\/uploads\/2025\/02\/carado-imagebank-data_VE_Camper-Van_CV640_CU_2025_1002_21-31-41_web-890x593.jpg 890w, https:\/\/www.touringcars.com\/wp-content\/uploads\/2025\/02\/carado-imagebank-data_VE_Camper-Van_CV640_CU_2025_1002_21-31-41_web-714x476.jpg 714w, https:\/\/www.touringcars.com\/wp-content\/uploads\/2025\/02\/carado-imagebank-data_VE_Camper-Van_CV640_CU_2025_1002_21-31-41_web-450x300.jpg 450w, https:\/\/www.touringcars.com\/wp-content\/uploads\/2025\/02\/carado-imagebank-data_VE_Camper-Van_CV640_CU_2025_1002_21-31-41_web-367x245.jpg 367w\" alt=\"VAN f\u00f6r 2\"><\/a><\/div><div class=\"content-container\"><h3><a href=\"https:\/\/www.touringcars.com\/sv\/vehicle-category\/van\/\">VAN f\u00f6r 2<\/a><\/h3><\/div><\/article><\/li><li class=\"glide__slide\"><article class=\"article reveal\"><div class=\"image-container\"><a href=\"https:\/\/www.touringcars.com\/sv\/vehicle-category\/van-4x4-automatic\/\"><img decoding=\"async\" src=\"https:\/\/www.touringcars.com\/wp-content\/uploads\/2025\/11\/van-4x4-buerstner-habiton-2025-white-road-1-574x411.jpg\" srcset=\"https:\/\/www.touringcars.com\/wp-content\/uploads\/2025\/11\/van-4x4-buerstner-habiton-2025-white-road-1-300x215.jpg 300w, https:\/\/www.touringcars.com\/wp-content\/uploads\/2025\/11\/van-4x4-buerstner-habiton-2025-white-road-1-1024x733.jpg 1024w, https:\/\/www.touringcars.com\/wp-content\/uploads\/2025\/11\/van-4x4-buerstner-habiton-2025-white-road-1-768x550.jpg 768w, https:\/\/www.touringcars.com\/wp-content\/uploads\/2025\/11\/van-4x4-buerstner-habiton-2025-white-road-1-828x593.jpg 828w, https:\/\/www.touringcars.com\/wp-content\/uploads\/2025\/11\/van-4x4-buerstner-habiton-2025-white-road-1-714x511.jpg 714w, https:\/\/www.touringcars.com\/wp-content\/uploads\/2025\/11\/van-4x4-buerstner-habiton-2025-white-road-1-574x411.jpg 574w, https:\/\/www.touringcars.com\/wp-content\/uploads\/2025\/11\/van-4x4-buerstner-habiton-2025-white-road-1.jpg 1348w\" alt=\"VAN 4&#215;4 AUTOMATIC f\u00f6r 2\"><\/a><\/div><div class=\"content-container\"><h3><a href=\"https:\/\/www.touringcars.com\/sv\/vehicle-category\/van-4x4-automatic\/\">VAN 4&#215;4 AUTOMATIC f\u00f6r 2<\/a><\/h3><\/div><\/article><\/li><li class=\"glide__slide\"><article class=\"article reveal\"><div class=\"image-container\"><a href=\"https:\/\/www.touringcars.com\/sv\/vehicle-category\/small\/\"><img decoding=\"async\" src=\"https:\/\/www.touringcars.com\/wp-content\/uploads\/2025\/02\/carado-imagebank-data_VE_Van_V339_CU_2025_1002_21-31-41_web-450x300.jpg\" srcset=\"https:\/\/www.touringcars.com\/wp-content\/uploads\/2025\/02\/carado-imagebank-data_VE_Van_V339_CU_2025_1002_21-31-41_web-300x200.jpg 300w, https:\/\/www.touringcars.com\/wp-content\/uploads\/2025\/02\/carado-imagebank-data_VE_Van_V339_CU_2025_1002_21-31-41_web-1024x682.jpg 1024w, https:\/\/www.touringcars.com\/wp-content\/uploads\/2025\/02\/carado-imagebank-data_VE_Van_V339_CU_2025_1002_21-31-41_web-768x512.jpg 768w, https:\/\/www.touringcars.com\/wp-content\/uploads\/2025\/02\/carado-imagebank-data_VE_Van_V339_CU_2025_1002_21-31-41_web-1536x1024.jpg 1536w, https:\/\/www.touringcars.com\/wp-content\/uploads\/2025\/02\/carado-imagebank-data_VE_Van_V339_CU_2025_1002_21-31-41_web-2048x1365.jpg 2048w, https:\/\/www.touringcars.com\/wp-content\/uploads\/2025\/02\/carado-imagebank-data_VE_Van_V339_CU_2025_1002_21-31-41_web-890x593.jpg 890w, https:\/\/www.touringcars.com\/wp-content\/uploads\/2025\/02\/carado-imagebank-data_VE_Van_V339_CU_2025_1002_21-31-41_web-714x476.jpg 714w, https:\/\/www.touringcars.com\/wp-content\/uploads\/2025\/02\/carado-imagebank-data_VE_Van_V339_CU_2025_1002_21-31-41_web-450x300.jpg 450w, https:\/\/www.touringcars.com\/wp-content\/uploads\/2025\/02\/carado-imagebank-data_VE_Van_V339_CU_2025_1002_21-31-41_web-367x245.jpg 367w\" alt=\"SMALL f\u00f6r 2\"><\/a><\/div><div class=\"content-container\"><h3><a href=\"https:\/\/www.touringcars.com\/sv\/vehicle-category\/small\/\">SMALL f\u00f6r 2<\/a><\/h3><\/div><\/article><\/li><li class=\"glide__slide\"><article class=\"article reveal\"><div class=\"image-container\"><a href=\"https:\/\/www.touringcars.com\/sv\/vehicle-category\/luxury-for-2-personer\/\"><img decoding=\"async\" src=\"https:\/\/www.touringcars.com\/wp-content\/uploads\/2025\/02\/carado-imagebank-data_VE_Semi-Integrated_T447_CU_2025_1502_21-31-41_WEB-450x300.jpg\" srcset=\"https:\/\/www.touringcars.com\/wp-content\/uploads\/2025\/02\/carado-imagebank-data_VE_Semi-Integrated_T447_CU_2025_1502_21-31-41_WEB-300x200.jpg 300w, https:\/\/www.touringcars.com\/wp-content\/uploads\/2025\/02\/carado-imagebank-data_VE_Semi-Integrated_T447_CU_2025_1502_21-31-41_WEB-1024x683.jpg 1024w, https:\/\/www.touringcars.com\/wp-content\/uploads\/2025\/02\/carado-imagebank-data_VE_Semi-Integrated_T447_CU_2025_1502_21-31-41_WEB-768x512.jpg 768w, https:\/\/www.touringcars.com\/wp-content\/uploads\/2025\/02\/carado-imagebank-data_VE_Semi-Integrated_T447_CU_2025_1502_21-31-41_WEB-1536x1024.jpg 1536w, https:\/\/www.touringcars.com\/wp-content\/uploads\/2025\/02\/carado-imagebank-data_VE_Semi-Integrated_T447_CU_2025_1502_21-31-41_WEB-2048x1365.jpg 2048w, https:\/\/www.touringcars.com\/wp-content\/uploads\/2025\/02\/carado-imagebank-data_VE_Semi-Integrated_T447_CU_2025_1502_21-31-41_WEB-1920x1280.jpg 1920w, https:\/\/www.touringcars.com\/wp-content\/uploads\/2025\/02\/carado-imagebank-data_VE_Semi-Integrated_T447_CU_2025_1502_21-31-41_WEB-890x593.jpg 890w, https:\/\/www.touringcars.com\/wp-content\/uploads\/2025\/02\/carado-imagebank-data_VE_Semi-Integrated_T447_CU_2025_1502_21-31-41_WEB-714x476.jpg 714w, https:\/\/www.touringcars.com\/wp-content\/uploads\/2025\/02\/carado-imagebank-data_VE_Semi-Integrated_T447_CU_2025_1502_21-31-41_WEB-450x300.jpg 450w, https:\/\/www.touringcars.com\/wp-content\/uploads\/2025\/02\/carado-imagebank-data_VE_Semi-Integrated_T447_CU_2025_1502_21-31-41_WEB-367x245.jpg 367w\" alt=\"LUXURY f\u00f6r 2\"><\/a><\/div><div class=\"content-container\"><h3><a href=\"https:\/\/www.touringcars.com\/sv\/vehicle-category\/luxury-for-2-personer\/\">LUXURY f\u00f6r 2<\/a><\/h3><\/div><\/article><\/li><li class=\"glide__slide\"><article class=\"article reveal\"><div class=\"image-container\"><a href=\"https:\/\/www.touringcars.com\/sv\/vehicle-category\/medium\/\"><img decoding=\"async\" src=\"https:\/\/www.touringcars.com\/wp-content\/uploads\/2025\/02\/carado-imagebank-data_VE_Semi-Integrated_T448_CU_2025_1002_21-31-41_web-450x300.jpg\" srcset=\"https:\/\/www.touringcars.com\/wp-content\/uploads\/2025\/02\/carado-imagebank-data_VE_Semi-Integrated_T448_CU_2025_1002_21-31-41_web-300x200.jpg 300w, https:\/\/www.touringcars.com\/wp-content\/uploads\/2025\/02\/carado-imagebank-data_VE_Semi-Integrated_T448_CU_2025_1002_21-31-41_web-1024x682.jpg 1024w, https:\/\/www.touringcars.com\/wp-content\/uploads\/2025\/02\/carado-imagebank-data_VE_Semi-Integrated_T448_CU_2025_1002_21-31-41_web-768x512.jpg 768w, https:\/\/www.touringcars.com\/wp-content\/uploads\/2025\/02\/carado-imagebank-data_VE_Semi-Integrated_T448_CU_2025_1002_21-31-41_web-1536x1024.jpg 1536w, https:\/\/www.touringcars.com\/wp-content\/uploads\/2025\/02\/carado-imagebank-data_VE_Semi-Integrated_T448_CU_2025_1002_21-31-41_web-2048x1365.jpg 2048w, https:\/\/www.touringcars.com\/wp-content\/uploads\/2025\/02\/carado-imagebank-data_VE_Semi-Integrated_T448_CU_2025_1002_21-31-41_web-890x593.jpg 890w, https:\/\/www.touringcars.com\/wp-content\/uploads\/2025\/02\/carado-imagebank-data_VE_Semi-Integrated_T448_CU_2025_1002_21-31-41_web-714x476.jpg 714w, https:\/\/www.touringcars.com\/wp-content\/uploads\/2025\/02\/carado-imagebank-data_VE_Semi-Integrated_T448_CU_2025_1002_21-31-41_web-450x300.jpg 450w, https:\/\/www.touringcars.com\/wp-content\/uploads\/2025\/02\/carado-imagebank-data_VE_Semi-Integrated_T448_CU_2025_1002_21-31-41_web-367x245.jpg 367w\" alt=\"MEDIUM f\u00f6r 4\"><\/a><\/div><div class=\"content-container\"><h3><a href=\"https:\/\/www.touringcars.com\/sv\/vehicle-category\/medium\/\">MEDIUM f\u00f6r 4<\/a><\/h3><\/div><\/article><\/li><li class=\"glide__slide\"><article class=\"article reveal\"><div class=\"image-container\"><a href=\"https:\/\/www.touringcars.com\/sv\/vehicle-category\/luxury\/\"><img decoding=\"async\" src=\"https:\/\/www.touringcars.com\/wp-content\/uploads\/2025\/02\/carado-imagebank-data_VE_Semi-Integrated_T447_CU_2025_1502_21-31-41_WEB-450x300.jpg\" srcset=\"https:\/\/www.touringcars.com\/wp-content\/uploads\/2025\/02\/carado-imagebank-data_VE_Semi-Integrated_T447_CU_2025_1502_21-31-41_WEB-300x200.jpg 300w, https:\/\/www.touringcars.com\/wp-content\/uploads\/2025\/02\/carado-imagebank-data_VE_Semi-Integrated_T447_CU_2025_1502_21-31-41_WEB-1024x683.jpg 1024w, https:\/\/www.touringcars.com\/wp-content\/uploads\/2025\/02\/carado-imagebank-data_VE_Semi-Integrated_T447_CU_2025_1502_21-31-41_WEB-768x512.jpg 768w, https:\/\/www.touringcars.com\/wp-content\/uploads\/2025\/02\/carado-imagebank-data_VE_Semi-Integrated_T447_CU_2025_1502_21-31-41_WEB-1536x1024.jpg 1536w, https:\/\/www.touringcars.com\/wp-content\/uploads\/2025\/02\/carado-imagebank-data_VE_Semi-Integrated_T447_CU_2025_1502_21-31-41_WEB-2048x1365.jpg 2048w, https:\/\/www.touringcars.com\/wp-content\/uploads\/2025\/02\/carado-imagebank-data_VE_Semi-Integrated_T447_CU_2025_1502_21-31-41_WEB-1920x1280.jpg 1920w, https:\/\/www.touringcars.com\/wp-content\/uploads\/2025\/02\/carado-imagebank-data_VE_Semi-Integrated_T447_CU_2025_1502_21-31-41_WEB-890x593.jpg 890w, https:\/\/www.touringcars.com\/wp-content\/uploads\/2025\/02\/carado-imagebank-data_VE_Semi-Integrated_T447_CU_2025_1502_21-31-41_WEB-714x476.jpg 714w, https:\/\/www.touringcars.com\/wp-content\/uploads\/2025\/02\/carado-imagebank-data_VE_Semi-Integrated_T447_CU_2025_1502_21-31-41_WEB-450x300.jpg 450w, https:\/\/www.touringcars.com\/wp-content\/uploads\/2025\/02\/carado-imagebank-data_VE_Semi-Integrated_T447_CU_2025_1502_21-31-41_WEB-367x245.jpg 367w\" alt=\"LUXURY f\u00f6r 4\"><\/a><\/div><div class=\"content-container\"><h3><a href=\"https:\/\/www.touringcars.com\/sv\/vehicle-category\/luxury\/\">LUXURY f\u00f6r 4<\/a><\/h3><\/div><\/article><\/li><li class=\"glide__slide\"><article class=\"article reveal\"><div class=\"image-container\"><a href=\"https:\/\/www.touringcars.com\/sv\/vehicle-category\/family\/\"><img decoding=\"async\" src=\"https:\/\/www.touringcars.com\/wp-content\/uploads\/2025\/02\/carado-imagebank-data_VE_Overcab_A361_CU_2025_1002_21-31-41_web-450x300.jpg\" srcset=\"https:\/\/www.touringcars.com\/wp-content\/uploads\/2025\/02\/carado-imagebank-data_VE_Overcab_A361_CU_2025_1002_21-31-41_web-300x200.jpg 300w, https:\/\/www.touringcars.com\/wp-content\/uploads\/2025\/02\/carado-imagebank-data_VE_Overcab_A361_CU_2025_1002_21-31-41_web-1024x682.jpg 1024w, https:\/\/www.touringcars.com\/wp-content\/uploads\/2025\/02\/carado-imagebank-data_VE_Overcab_A361_CU_2025_1002_21-31-41_web-768x512.jpg 768w, https:\/\/www.touringcars.com\/wp-content\/uploads\/2025\/02\/carado-imagebank-data_VE_Overcab_A361_CU_2025_1002_21-31-41_web-1536x1024.jpg 1536w, https:\/\/www.touringcars.com\/wp-content\/uploads\/2025\/02\/carado-imagebank-data_VE_Overcab_A361_CU_2025_1002_21-31-41_web-2048x1365.jpg 2048w, https:\/\/www.touringcars.com\/wp-content\/uploads\/2025\/02\/carado-imagebank-data_VE_Overcab_A361_CU_2025_1002_21-31-41_web-890x593.jpg 890w, https:\/\/www.touringcars.com\/wp-content\/uploads\/2025\/02\/carado-imagebank-data_VE_Overcab_A361_CU_2025_1002_21-31-41_web-714x476.jpg 714w, https:\/\/www.touringcars.com\/wp-content\/uploads\/2025\/02\/carado-imagebank-data_VE_Overcab_A361_CU_2025_1002_21-31-41_web-450x300.jpg 450w, https:\/\/www.touringcars.com\/wp-content\/uploads\/2025\/02\/carado-imagebank-data_VE_Overcab_A361_CU_2025_1002_21-31-41_web-367x245.jpg 367w\" alt=\"FAMILY f\u00f6r 5\"><\/a><\/div><div class=\"content-container\"><h3><a href=\"https:\/\/www.touringcars.com\/sv\/vehicle-category\/family\/\">FAMILY f\u00f6r 5<\/a><\/h3><\/div><\/article><\/li><li class=\"glide__slide\"><article class=\"article reveal\"><div class=\"image-container\"><a href=\"https:\/\/www.touringcars.com\/sv\/vehicle-category\/large\/\"><img decoding=\"async\" src=\"https:\/\/www.touringcars.com\/wp-content\/uploads\/2025\/02\/carado-imagebank-data_VE_Overcab_A464_CU_2025_1003_21-31-41_web-450x300.jpg\" srcset=\"https:\/\/www.touringcars.com\/wp-content\/uploads\/2025\/02\/carado-imagebank-data_VE_Overcab_A464_CU_2025_1003_21-31-41_web-300x200.jpg 300w, https:\/\/www.touringcars.com\/wp-content\/uploads\/2025\/02\/carado-imagebank-data_VE_Overcab_A464_CU_2025_1003_21-31-41_web-1024x682.jpg 1024w, https:\/\/www.touringcars.com\/wp-content\/uploads\/2025\/02\/carado-imagebank-data_VE_Overcab_A464_CU_2025_1003_21-31-41_web-768x512.jpg 768w, https:\/\/www.touringcars.com\/wp-content\/uploads\/2025\/02\/carado-imagebank-data_VE_Overcab_A464_CU_2025_1003_21-31-41_web-1536x1024.jpg 1536w, https:\/\/www.touringcars.com\/wp-content\/uploads\/2025\/02\/carado-imagebank-data_VE_Overcab_A464_CU_2025_1003_21-31-41_web-2048x1365.jpg 2048w, https:\/\/www.touringcars.com\/wp-content\/uploads\/2025\/02\/carado-imagebank-data_VE_Overcab_A464_CU_2025_1003_21-31-41_web-890x593.jpg 890w, https:\/\/www.touringcars.com\/wp-content\/uploads\/2025\/02\/carado-imagebank-data_VE_Overcab_A464_CU_2025_1003_21-31-41_web-714x476.jpg 714w, https:\/\/www.touringcars.com\/wp-content\/uploads\/2025\/02\/carado-imagebank-data_VE_Overcab_A464_CU_2025_1003_21-31-41_web-450x300.jpg 450w, https:\/\/www.touringcars.com\/wp-content\/uploads\/2025\/02\/carado-imagebank-data_VE_Overcab_A464_CU_2025_1003_21-31-41_web-367x245.jpg 367w\" alt=\"LARGE f\u00f6r 5 och 6\"><\/a><\/div><div class=\"content-container\"><h3><a href=\"https:\/\/www.touringcars.com\/sv\/vehicle-category\/large\/\">LARGE f\u00f6r 5 och 6<\/a><\/h3><\/div><\/article><\/li><\/ul><\/div><div class=\"glide__controls\"><div class=\"glide__arrows\" data-glide-el=\"controls\"><span class=\"glide__arrow glide__arrow--left\" data-glide-dir=\"<\"><\/span><span class=\"glide__arrow glide__arrow--right\" data-glide-dir=\">&#8221;><\/span><\/div><div class=\"glide__bullets\" data-glide-el=\"controls[nav]\"><span class=\"glide__bullet\" data-glide-dir=\"=0\" data-parent-uid=\"69f2b7b9ec79c\"><\/span><span class=\"glide__bullet\" data-glide-dir=\"=1\" data-parent-uid=\"69f2b7b9ec79c\"><\/span><span class=\"glide__bullet\" data-glide-dir=\"=2\" data-parent-uid=\"69f2b7b9ec79c\"><\/span><span class=\"glide__bullet\" data-glide-dir=\"=3\" data-parent-uid=\"69f2b7b9ec79c\"><\/span><span class=\"glide__bullet\" data-glide-dir=\"=4\" data-parent-uid=\"69f2b7b9ec79c\"><\/span><span class=\"glide__bullet\" data-glide-dir=\"=5\" data-parent-uid=\"69f2b7b9ec79c\"><\/span><span class=\"glide__bullet\" data-glide-dir=\"=6\" data-parent-uid=\"69f2b7b9ec79c\"><\/span><span class=\"glide__bullet\" data-glide-dir=\"=7\" data-parent-uid=\"69f2b7b9ec79c\"><\/span><span class=\"glide__bullet\" data-glide-dir=\"=8\" data-parent-uid=\"69f2b7b9ec79c\"><\/span><span class=\"glide__bullet\" data-glide-dir=\"=9\" data-parent-uid=\"69f2b7b9ec79c\"><\/span><\/div><\/div><\/div>    <\/div>\r\n<\/section>\n\n\n<h3 class=\"wp-block-heading\">Vad du ska packa<strong> <\/strong><\/h3>\n\n\n\n<p>Packa alla <em>viktiga saker som ditt husdjur beh\u00f6ver varje dag.<\/em> <\/p>\n\n\n\n<p>Om du tar med dig sovfiltar och leksaker hemifr\u00e5n kan ditt husdjur k\u00e4nna sig mer hemma och tryggt i den nya milj\u00f6n. Ta dessutom med en liten handduk f\u00f6r att reng\u00f6ra husdjurets tassar innan du g\u00e5r in i husbilen och en annan ren handduk f\u00f6r att torka p\u00e4lsen efter badet.   <\/p>\n\n\n\n<p>Vi f\u00f6resl\u00e5r att du tar med dig specialfoder f\u00f6r husdjur som kan vara sv\u00e5rt att hitta i sm\u00e5 lokala butiker, liksom n\u00f6dv\u00e4ndiga dagliga mediciner. Mat- och vattentallrikar hemifr\u00e5n kan ocks\u00e5 g\u00f6ra att dina husdjur k\u00e4nner sig hemtrevliga p\u00e5 din semester. Gl\u00f6m inte att ta med eller k\u00f6pa godis och tuggben. Tack vare det stora f\u00f6rvaringsfacket p\u00e5 husbilens baksida finns det gott om plats f\u00f6r alla husdjurstillbeh\u00f6r.   <\/p>\n\n\n\n<p>Innan du reser till din destination f\u00f6r ett husbils\u00e4ventyr, var uppm\u00e4rksam p\u00e5 din <em>hunds \u00e5rliga mediciner och f\u00f6rbehandlingar<\/em>. Kom ih\u00e5g att ge din hund en \u00e5rlig avmaskningsbehandling. Beroende p\u00e5 resv\u00e4g och aktivitetsniv\u00e5 i naturen kan det vara bra att \u00e4ven skydda hunden mot f\u00e4stingar. F\u00e4stingar vaknar tidigt p\u00e5 v\u00e5ren n\u00e4r dagstemperaturen \u00f6verstiger +5\u00b0C och de \u00e4r aktiva fram till oktober-november, beroende p\u00e5 region. K\u00e4nn dock v\u00e4l till hur m\u00e5nga dagar det tar att f\u00e5 fullt skydd med det valda l\u00e4kemedelsalternativet innan du b\u00f6rjar din semester.      <\/p>\n\n\n\n<p>Gl\u00f6m inte att ta med uppdaterat vaccinationsintyg eller andra n\u00f6dv\u00e4ndiga tillst\u00e5nd och kontrollera \u00e4ven ID-bricka finns i koppel.  <\/p>\n\n\n\n<figure class=\"wp-block-image size-large\"><img decoding=\"async\" width=\"683\" height=\"1024\" src=\"https:\/\/www.touringcars.com\/wp-content\/uploads\/2025\/05\/carado-imagebank-data_VE_Semi-Integrated_T457_PI_2024_0252_21-31-41_WEB-683x1024.jpg\" alt=\"\" class=\"wp-image-18865\" srcset=\"https:\/\/www.touringcars.com\/wp-content\/uploads\/2025\/05\/carado-imagebank-data_VE_Semi-Integrated_T457_PI_2024_0252_21-31-41_WEB-683x1024.jpg 683w, https:\/\/www.touringcars.com\/wp-content\/uploads\/2025\/05\/carado-imagebank-data_VE_Semi-Integrated_T457_PI_2024_0252_21-31-41_WEB-200x300.jpg 200w, https:\/\/www.touringcars.com\/wp-content\/uploads\/2025\/05\/carado-imagebank-data_VE_Semi-Integrated_T457_PI_2024_0252_21-31-41_WEB-768x1152.jpg 768w, https:\/\/www.touringcars.com\/wp-content\/uploads\/2025\/05\/carado-imagebank-data_VE_Semi-Integrated_T457_PI_2024_0252_21-31-41_WEB-1024x1536.jpg 1024w, https:\/\/www.touringcars.com\/wp-content\/uploads\/2025\/05\/carado-imagebank-data_VE_Semi-Integrated_T457_PI_2024_0252_21-31-41_WEB-1365x2048.jpg 1365w, https:\/\/www.touringcars.com\/wp-content\/uploads\/2025\/05\/carado-imagebank-data_VE_Semi-Integrated_T457_PI_2024_0252_21-31-41_WEB-1280x1920.jpg 1280w, https:\/\/www.touringcars.com\/wp-content\/uploads\/2025\/05\/carado-imagebank-data_VE_Semi-Integrated_T457_PI_2024_0252_21-31-41_WEB-395x593.jpg 395w, https:\/\/www.touringcars.com\/wp-content\/uploads\/2025\/05\/carado-imagebank-data_VE_Semi-Integrated_T457_PI_2024_0252_21-31-41_WEB-354x531.jpg 354w, https:\/\/www.touringcars.com\/wp-content\/uploads\/2025\/05\/carado-imagebank-data_VE_Semi-Integrated_T457_PI_2024_0252_21-31-41_WEB-383x574.jpg 383w, https:\/\/www.touringcars.com\/wp-content\/uploads\/2025\/05\/carado-imagebank-data_VE_Semi-Integrated_T457_PI_2024_0252_21-31-41_WEB-scaled.jpg 1707w\" sizes=\"(max-width: 683px) 100vw, 683px\" \/><\/figure>\n\n\n\n<h3 class=\"wp-block-heading\">Att ge sig ut p\u00e5 en resa<\/h3>\n\n\n\n<p>Vissa husdjur anpassar sig l\u00e4tt till nya platser, medan andra l\u00e4tt kan bli stressade. N\u00e4r du h\u00e4mtar ett fordon fr\u00e5n en uthyrningsstation, ta med ditt husdjur till husbilen och ge det tid att bekanta sig med de nya inre utrymmena.   <\/p>\n\n\n\n<p>Vissa hundar kan vara r\u00e4dda f\u00f6r att anv\u00e4nda elektriska d\u00f6rrtr\u00f6sklar i b\u00f6rjan. Det \u00e4r viktigt att uppmuntra din hund n\u00e4r den g\u00e5r in i och ut ur husbilen och, om det beh\u00f6vs, hj\u00e4lpa din hund genom att b\u00e4ra eller lyfta den i b\u00f6rjan f\u00f6r att f\u00e5 en positiv k\u00e4nsla f\u00f6r detta boende p\u00e5 hjul. <\/p>\n\n\n\n<p>L\u00e4gg ditt husdjurs favoritfilt p\u00e5 en <em>best\u00e4md plats f\u00f6r att markera hans egen sov- och viloplats <\/em>under husbilssemestern.<\/p>\n\n\n\n<p>Innan du startar motorn ska du se till att alla passagerare, inklusive ditt husdjur, \u00e4r <em>ordentligt fastsp\u00e4nda f\u00f6r att f\u00f6rhindra att de vandrar iv\u00e4g och orsakar olyckor <\/em>eller skador. Sm\u00e5 hundar och katter kan njuta av sin tid i en s\u00e4krad transportbur, medan st\u00f6rre hundar m\u00e5ste sitta och vara fastsp\u00e4nda med en s\u00e4kerhetssele. Gl\u00f6m inte att t\u00e4cka \u00f6ver sittplatsen under ditt husdjur.    <\/p>\n\n\n\n<h3 class=\"wp-block-heading\">Tips p\u00e5 v\u00e4gen<\/h3>\n\n\n\n<p><em>K\u00f6r mjukt <\/em>, undvik pl\u00f6tsliga r\u00f6relser och kraftiga inbromsningar s\u00e5 att alla passagerare k\u00e4nner sig trygga och bekv\u00e4ma under hela resan.  <\/p>\n\n\n\n<p>Vissa husdjur kan l\u00e4tt bli <em>\u00e5ksjuka<\/em>. F\u00f6r att minimera detta besv\u00e4rliga tillst\u00e5nd b\u00f6r du bara ge ditt husdjur en liten m\u00e5ltid p\u00e5 morgonen och en begr\u00e4nsad m\u00e4ngd snacks under dagen n\u00e4r du k\u00f6r.  <\/p>\n\n\n\n<p>I bergstrakter<em> kan<\/em> f\u00f6r\u00e4ndringar i<em> lufttrycket orsaka obehag<\/em> \u00e4ven f\u00f6r ditt husdjur. Du kan f\u00f6rs\u00f6ka undvika detta genom att ge honom en tuggleksak f\u00f6r att h\u00e5lla \u00f6ronen \u00f6ppna.   <\/p>\n\n\n\n<p>N\u00e4r du anv\u00e4nder en f\u00e4rja eller en fjordb\u00e5t, kontrollera de lokala reglerna f\u00f6r att resa med ett husdjur f\u00f6r att bekr\u00e4fta eventuella specialarrangemang n\u00e4r du korsar vattenomr\u00e5det.  <\/p>\n\n\n\n<p>Kom ih\u00e5g att <em>ta tillr\u00e4ckligt med pauser<\/em> under k\u00f6rningen, p\u00e5 samma s\u00e4tt som n\u00e4r du reser med sm\u00e5 barn. Husdjuren beh\u00f6ver str\u00e4cka p\u00e5 sig, f\u00e5 frisk luft och dricka lite f\u00e4rskt vatten precis som vi m\u00e4nskliga passagerare \ud83d\ude42  <\/p>\n\n\n\n<p>N\u00e4r du stannar f\u00f6r att handla eller planerar att \u00e5ka och handla,<em> undvik att l\u00e4mna din hund i bilen under en l\u00e4ngre tid p\u00e5 sommaren.<\/em> Vid varmt v\u00e4der kan kup\u00e9temperaturen l\u00e4tt bli obehagligt h\u00f6g.   <\/p>\n\n\n\n<p>Unders\u00f6k husdjursv\u00e4nliga parker eller leder f\u00f6r att erbjuda <em>aktiviteter f\u00f6r ditt husdjur l\u00e4ngs din bilresa<\/em>. Anv\u00e4nd g\u00e4rna tillg\u00e4ngliga online- och mobilapplikationstj\u00e4nster som har sammanst\u00e4llt en lista \u00f6ver husdjursv\u00e4nliga vandringsleder.   <\/p>\n\n\n\n<figure class=\"wp-block-image size-full\"><img decoding=\"async\" src=\"https:\/\/www.touringcars.com\/wp-content\/uploads\/2025\/01\/carado-imagebank-data_OTZ_Camper-Van_CV600_PI_2024_0032_20-31-41_WEB.jpg\" alt=\"\" class=\"wp-image-18405\"\/><\/figure>\n\n\n\n<p class=\"text-align-center\"><\/p>\n\n\n\n<h3 class=\"wp-block-heading\">Bo p\u00e5 en campingplats  <\/h3>\n\n\n\n<p>F\u00f6rs\u00f6k att uppr\u00e4tth\u00e5lla en daglig rutin, \u00e4ven under semestern, eftersom det hj\u00e4lper ditt husdjur att anpassa sig till reselivet och minskar eventuell \u00e5ngest eller stress som det kan uppleva. Hundar kan ha sv\u00e5rt att sova och vila ordentligt utanf\u00f6r sin hemmilj\u00f6. Var mer uppm\u00e4rksam \u00e4n vanligt p\u00e5 att ge ditt husdjur m\u00f6jlighet att vila i lugn och ro.  <\/p>\n\n\n\n<p>Med en husbil kan du enkelt tillbringa ett par n\u00e4tter p\u00e5 landsbygden eller p\u00e5 parkeringsplatser utan att ha n\u00e5gon 3-partsinfrastruktur, om den lokala lagstiftningen till\u00e5ter det. Husbilar \u00e4r utrustade med sj\u00e4lvbevarad infrastruktur, inklusive stora f\u00e4rskvatten- och gr\u00e5vattentankar (anv\u00e4nt vatten) samt en kassettoalett. N\u00e4r du inte har n\u00e5gon elanslutning g\u00e5r kylsk\u00e5pet p\u00e5 gas. Men f\u00f6r att uppr\u00e4tth\u00e5lla de dagliga aktiviteterna rekommenderas det att du ibland anv\u00e4nder tj\u00e4nster fr\u00e5n en campingplats eller en officiell husbilspark. Du kan hitta liknande tj\u00e4nster fr\u00e5n en plattform som <a href=\"https:\/\/www.park4night.com\/en\" target=\"_blank\" rel=\"noopener\">Park4night<\/a>.    <\/p>\n\n\n\n<p>N\u00e4r du <em>v\u00e4ljer en campingplats<\/em>, kom ih\u00e5g att kontrollera deras policy f\u00f6r djur. De flesta campingplatser till\u00e5ter husdjur, men du kan enkelt kontrollera l\u00e4mpliga campingplatser fr\u00e5n en plattform som <a href=\"https:\/\/www.eurocampings.co.uk\/campsite\/search\/q\/popular-amenities:dog-s-in-high-season-on-lead\/campsite-rules:motorhomes-allowed,dog-s-in-high-season-on-lead\/dogs:dog-s-in-high-season-on-lead\/for-motorhomes:motorhomes-allowed\/period-of-stay:null\/filter-name-flex-days:2\/filter-name-travel-party:facet-name-adults_2\/sort:recommended\/paging:0,10\/view:map\" target=\"_blank\" rel=\"noopener\">EuroCampings<\/a>.  <\/p>\n\n\n\n<p>Kom ih\u00e5g att alltid h\u00e5lla ditt husdjur kopplat. Kontrollera campingplatsens s\u00e4rskilda regler f\u00f6r husdjur, eventuella restriktioner, samt anvisade omr\u00e5den f\u00f6r bad och lek eller andra bekv\u00e4mligheter som de erbjuder f\u00f6r husdjur n\u00e4r du anl\u00e4nder.   <\/p>\n\n\n\n<p>Parkera helst i utkanten av campingplatsen f\u00f6r att undvika att ge f\u00f6r m\u00e5nga stimuli till djurets naturliga beteende att vakta och skydda sitt bostadsomr\u00e5de. Det g\u00f6r det ocks\u00e5 l\u00e4ttare att komma \u00e5t att ta en promenad. <\/p>\n\n\n\n<p>Anv\u00e4nd ett <em>fordonst\u00e4lt f\u00f6r att skapa skuggiga omr\u00e5den<\/em> d\u00e4r din hund kan koppla av och vila p\u00e5 sommaren. Ett annat effektivt s\u00e4tt att kyla ner dig sj\u00e4lv och dina hundar \u00e4r att bada i en n\u00e4rliggande sj\u00f6, flod eller strand. Kom dock ih\u00e5g att respektera lokala regler f\u00f6r djur: husdjur f\u00e5r inte komma in p\u00e5 allm\u00e4nna str\u00e4nder eller lekplatser f\u00f6r barn.  <\/p>\n\n\n\n<p>N\u00e4r du kommer tillbaka till husbilen ska du komma ih\u00e5g att torka och tv\u00e4tta hunden innan du l\u00e5ter den komma in i fordonet. Undvik ocks\u00e5 att l\u00e5ta din hund anv\u00e4nda sittplatsen utan att t\u00e4cka den ordentligt f\u00f6r att skydda tyget p\u00e5 husbilens s\u00e4ten. Ett rent fordon \u00e4r mycket bekv\u00e4mare och s\u00e4krare f\u00f6r alla att resa i och att bo i.    <\/p>\n\n\n\n<figure class=\"wp-block-image\"><img decoding=\"async\" src=\"https:\/\/touringcars.com\/wp-content\/uploads\/2023\/10\/pnw-production-pexels-motorhome-dog-pet.jpg\" alt=\"kvinna och hennes hund i en husbil\"\/><figcaption class=\"wp-element-caption\">Foto av PNW Production<\/figcaption><\/figure>\n\n\n\n<p class=\"text-align-center\"><\/p>\n\n\n\n<p>Beroende p\u00e5 husdjurets ras, \u00e5lder och h\u00e4lsotillst\u00e5nd kan du beh\u00f6va \u00f6verv\u00e4ga andra specialarrangemang f\u00f6r din husbilssemester. Eftersom du k\u00e4nner din fyrbenta familjemedlem b\u00e4st och har rest tillsammans tidigare, vet du redan vilka speciella knep du kan ta till och vilka du kan ignorera f\u00f6r att g\u00f6ra din semester s\u00e5 smidig och stressfri som m\u00f6jligt. <\/p>\n\n\n\n<p><em>Vi \u00f6nskar er alla en revitaliserande vistelse och en trevlig stund p\u00e5 husbilssemester hos oss!<\/em><\/p>\n\n\n\n<figure class=\"wp-block-image\"><img decoding=\"async\" src=\"https:\/\/touringcars.com\/wp-content\/uploads\/2023\/10\/norway20blog202320till20daling.jpg\" alt=\"\"\/><figcaption class=\"wp-element-caption\">Foto av Till Daling<\/figcaption><\/figure>\n\n\n\n<p><\/p>\n\n\n\n<h3 class=\"wp-block-heading\">Njut av en Good Feelings-semester med oss<\/h3>\n\n\n\n<p>Om du beh\u00f6ver ytterligare v\u00e4gledning f\u00f6r att boka din husbilssemester i Finland, Sverige, Norge, Island, Estland eller England, <em>tveka inte att kontakta v\u00e5rt internationella f\u00f6rs\u00e4ljningskontor <\/em>(service p\u00e5 engelska) via telefon, e-post eller onlinechatt.  <\/p>\n\n\n\n<p>&nbsp;&nbsp;<\/p>\n\n\n\n<h4 class=\"wp-block-heading\">HUSBILSUTHYRNING I EUROPA<\/h4>\n\n\n\n<p><strong>Touring Cars internationella f\u00f6rs\u00e4ljningskontor<\/strong><\/p>\n\n\n\n<p>tel. <a href=\"tel:35898494050\">+358 9 849 4050<\/a> <a href=\"mailto:info@touringcars.eu\">info@touringcars.eu<\/a> <\/p>\n\n\n\n<p><a href=\"https:\/\/www.touringcars.eu\/en\/contact-us\">Kontakta oss<\/a><\/p>\n\n\n\n<h3 class=\"wp-block-heading\">&nbsp;<\/h3>\n\n\n\n<p><em>Tyckte du om artikeln? Vilka tips skulle du vilja f\u00e5 innan du reser till ett husbilsresm\u00e5l? <\/em><\/p>\n\n\n\n<p>Dela g\u00e4rna med dig av dina <a href=\"mailto:info@touringcars.eu\" target=\"_blank\" rel=\"noopener\">tankar med oss<\/a>.  <\/p>\n","protected":false},"excerpt":{"rendered":"<p>Husbilssemester med husdjur Denna artikel syftar till att ge praktiska tips om att resa&#8230;<\/p>\n","protected":false},"author":1,"featured_media":18814,"comment_status":"closed","ping_status":"closed","sticky":false,"template":"","format":"standard","meta":{"_acf_changed":false,"footnotes":""},"categories":[293],"tags":[],"location":[],"class_list":["post-15076","post","type-post","status-publish","format-standard","has-post-thumbnail","hentry","category-tips-om-resor"],"acf":[],"_links":{"self":[{"href":"https:\/\/www.touringcars.com\/sv\/wp-json\/wp\/v2\/posts\/15076","targetHints":{"allow":["GET"]}}],"collection":[{"href":"https:\/\/www.touringcars.com\/sv\/wp-json\/wp\/v2\/posts"}],"about":[{"href":"https:\/\/www.touringcars.com\/sv\/wp-json\/wp\/v2\/types\/post"}],"author":[{"embeddable":true,"href":"https:\/\/www.touringcars.com\/sv\/wp-json\/wp\/v2\/users\/1"}],"replies":[{"embeddable":true,"href":"https:\/\/www.touringcars.com\/sv\/wp-json\/wp\/v2\/comments?post=15076"}],"version-history":[{"count":2,"href":"https:\/\/www.touringcars.com\/sv\/wp-json\/wp\/v2\/posts\/15076\/revisions"}],"predecessor-version":[{"id":19020,"href":"https:\/\/www.touringcars.com\/sv\/wp-json\/wp\/v2\/posts\/15076\/revisions\/19020"}],"wp:featuredmedia":[{"embeddable":true,"href":"https:\/\/www.touringcars.com\/sv\/wp-json\/wp\/v2\/media\/18814"}],"wp:attachment":[{"href":"https:\/\/www.touringcars.com\/sv\/wp-json\/wp\/v2\/media?parent=15076"}],"wp:term":[{"taxonomy":"category","embeddable":true,"href":"https:\/\/www.touringcars.com\/sv\/wp-json\/wp\/v2\/categories?post=15076"},{"taxonomy":"post_tag","embeddable":true,"href":"https:\/\/www.touringcars.com\/sv\/wp-json\/wp\/v2\/tags?post=15076"},{"taxonomy":"location","embeddable":true,"href":"https:\/\/www.touringcars.com\/sv\/wp-json\/wp\/v2\/location?post=15076"}],"curies":[{"name":"wp","href":"https:\/\/api.w.org\/{rel}","templated":true}]}}