{"id":14965,"date":"2023-10-01T12:11:50","date_gmt":"2023-10-01T12:11:50","guid":{"rendered":"https:\/\/touringcars.com\/matkailu-lemmikin-kanssa\/"},"modified":"2025-05-12T10:42:33","modified_gmt":"2025-05-12T10:42:33","slug":"matkailu-lemmikin-kanssa","status":"publish","type":"post","link":"https:\/\/www.touringcars.com\/fi\/matkavinkit\/matkailu-lemmikin-kanssa\/","title":{"rendered":"Vuokraa matkailuauto ja ota lemmikki mukaan"},"content":{"rendered":"\n<h3 class=\"wp-block-heading LC20lb MBeuO DKV0Md\">Matkailuautoloma lemmikin kanssa<\/h3>\n\n\n\n<p>Matkailuauton vuokraus on t\u00e4ydellinen valinta lemmikin kanssa matkustavalle. Meid\u00e4n matkailuautoihimme<strong> <\/strong>ovat lemmikit sallittu, sill\u00e4 ymm\u00e4rr\u00e4mme, kuinka t\u00e4rke\u00e4 osa perhett\u00e4 lemmikit ovat.&nbsp;<\/p>\n\n\n\n<p>Matkailuauton vuokraus tarjoaa joustavuutta ja vapautta, mutta lemmikin kanssa matkustaminen vaatii omat valmistelunsa, jotta sek\u00e4 sinun ett\u00e4 lemmikkisi matka sujuu mukavasti. T\u00e4ss\u00e4 blogissa jaamme parhaat vinkit ja k\u00e4yt\u00e4nn\u00f6n ohjeet, jotta matkailu lemmikin kanssa olisi mahdollisimman sujuvaa ja miellytt\u00e4v\u00e4\u00e4.<\/p>\n\n\n\n<p class=\"text-align-center\"><\/p>\n\n\n\n<figure class=\"wp-block-image size-full\"><img decoding=\"async\" src=\"https:\/\/www.touringcars.com\/wp-content\/uploads\/2025\/05\/carado-imagebank-data_OTZ_Semi-Integrated_T448_PI_2024_0241_21-31-41_WEB.jpg\" alt=\"\" class=\"wp-image-18543\"\/><\/figure>\n\n\n\n<h3 class=\"wp-block-heading\">Vuokraa matkailuauto, johon lemmikit on sallittu<\/h3>\n\n\n\n<p>Vuokraamalla Touring Carsin matkailuauton voit tuoda lemmikkisi mukaan matkalle, sill\u00e4 lemmikin mukaan ottaminen on sallittua kaikissa ajoneuvoissamme.<strong> <\/strong>Varmista lemmikkisi koosta, persoonallisuudesta ja ominaisuuksista riippuen, ett\u00e4 valitsemasi matkailuauto <em>tarjoaa lemmikillesi riitt\u00e4v\u00e4sti tilaa <\/em>liikkua ja lev\u00e4t\u00e4 mukavasti lattia-alueella. On kuitenkin suositeltavaa pit\u00e4\u00e4 lemmikkisi ulkona hihnassa mahdollisimman paljon pys\u00e4hdysten aikana, jotta se voi rentoutua ja lev\u00e4t\u00e4 raittiissa ilmassa.&nbsp;<\/p>\n\n\n\n<p>Lemmikit ovat<strong> <\/strong>tervetulleita kaikkiin matkailuautoihimme, mutta muista varausta tehdess\u00e4si sis\u00e4llytt\u00e4\u00e4 varaukseesi lis\u00e4palvelu, <em>lemmikkiel\u00e4inmaksu. <\/em>Maksu kattaa perusteellisen puhdistuksen ja asuntoauton ionisointik\u00e4sittelyn vuokrauksen j\u00e4lkeen, jotta allergeenit saadaan poistettua autosta ennen seuraavaa vuokrausta.<\/p>\n\n\n\n<p><a href=\"https:\/\/www.touringcars.com\/fi\/vuokrattavat-matkailuautot\/\">Tutustu vuokrattaviin matkailuautoihimme<\/a> \u2013 lemmikit ovat tervetulleita mukaan!<\/p>\n\n\n<section class=\"block block-postsslider style-small\">\r\n    <div class=\"container reveal\">\r\n        <h2>Touring Carsin vuokrattavat lemmikkiyst\u00e4v\u00e4lliset matkailuautot<\/h2><div class=\"glide articles-slider\" data-uid=\"69f46f4101e59\"><div class=\"glide__track\" data-glide-el=\"track\"><ul class=\"glide__slides\"><li class=\"glide__slide\"><article class=\"article reveal\"><div class=\"image-container\"><a href=\"https:\/\/www.touringcars.com\/fi\/vehicle-category\/urban-van-automaatti\/\"><img decoding=\"async\" src=\"https:\/\/www.touringcars.com\/wp-content\/uploads\/2025\/12\/Urban-Van-1-574x411.jpg\" srcset=\"https:\/\/www.touringcars.com\/wp-content\/uploads\/2025\/12\/Urban-Van-1-300x215.jpg 300w, https:\/\/www.touringcars.com\/wp-content\/uploads\/2025\/12\/Urban-Van-1-1024x733.jpg 1024w, https:\/\/www.touringcars.com\/wp-content\/uploads\/2025\/12\/Urban-Van-1-768x550.jpg 768w, https:\/\/www.touringcars.com\/wp-content\/uploads\/2025\/12\/Urban-Van-1-828x593.jpg 828w, https:\/\/www.touringcars.com\/wp-content\/uploads\/2025\/12\/Urban-Van-1-714x511.jpg 714w, https:\/\/www.touringcars.com\/wp-content\/uploads\/2025\/12\/Urban-Van-1-180x129.jpg 180w, https:\/\/www.touringcars.com\/wp-content\/uploads\/2025\/12\/Urban-Van-1-412x295.jpg 412w, https:\/\/www.touringcars.com\/wp-content\/uploads\/2025\/12\/Urban-Van-1-574x411.jpg 574w, https:\/\/www.touringcars.com\/wp-content\/uploads\/2025\/12\/Urban-Van-1.jpg 1348w\" alt=\"Urban Van Automaatti &#8211; 2 hengelle\"><\/a><\/div><div class=\"content-container\"><h3><a href=\"https:\/\/www.touringcars.com\/fi\/vehicle-category\/urban-van-automaatti\/\">Urban Van Automaatti &#8211; 2 hengelle<\/a><\/h3><\/div><\/article><\/li><li class=\"glide__slide\"><article class=\"article reveal\"><div class=\"image-container\"><a href=\"https:\/\/www.touringcars.com\/fi\/vehicle-category\/camp-automaatti\/\"><img decoding=\"async\" src=\"https:\/\/www.touringcars.com\/wp-content\/uploads\/2025\/12\/camp-automatic-574x411.jpeg\" srcset=\"https:\/\/www.touringcars.com\/wp-content\/uploads\/2025\/12\/camp-automatic-300x215.jpeg 300w, https:\/\/www.touringcars.com\/wp-content\/uploads\/2025\/12\/camp-automatic-1024x733.jpeg 1024w, https:\/\/www.touringcars.com\/wp-content\/uploads\/2025\/12\/camp-automatic-768x550.jpeg 768w, https:\/\/www.touringcars.com\/wp-content\/uploads\/2025\/12\/camp-automatic-828x593.jpeg 828w, https:\/\/www.touringcars.com\/wp-content\/uploads\/2025\/12\/camp-automatic-714x511.jpeg 714w, https:\/\/www.touringcars.com\/wp-content\/uploads\/2025\/12\/camp-automatic-574x411.jpeg 574w, https:\/\/www.touringcars.com\/wp-content\/uploads\/2025\/12\/camp-automatic.jpeg 1348w\" alt=\"CAMP AUTOMAATTI &#8211; 2 hengelle\"><\/a><\/div><div class=\"content-container\"><h3><a href=\"https:\/\/www.touringcars.com\/fi\/vehicle-category\/camp-automaatti\/\">CAMP AUTOMAATTI &#8211; 2 hengelle<\/a><\/h3><\/div><\/article><\/li><li class=\"glide__slide\"><article class=\"article reveal\"><div class=\"image-container\"><a href=\"https:\/\/www.touringcars.com\/fi\/vehicle-category\/van\/\"><img decoding=\"async\" src=\"https:\/\/www.touringcars.com\/wp-content\/uploads\/2025\/02\/carado-imagebank-data_VE_Camper-Van_CV640_CU_2025_1002_21-31-41_web-450x300.jpg\" srcset=\"https:\/\/www.touringcars.com\/wp-content\/uploads\/2025\/02\/carado-imagebank-data_VE_Camper-Van_CV640_CU_2025_1002_21-31-41_web-300x200.jpg 300w, https:\/\/www.touringcars.com\/wp-content\/uploads\/2025\/02\/carado-imagebank-data_VE_Camper-Van_CV640_CU_2025_1002_21-31-41_web-1024x682.jpg 1024w, https:\/\/www.touringcars.com\/wp-content\/uploads\/2025\/02\/carado-imagebank-data_VE_Camper-Van_CV640_CU_2025_1002_21-31-41_web-768x512.jpg 768w, https:\/\/www.touringcars.com\/wp-content\/uploads\/2025\/02\/carado-imagebank-data_VE_Camper-Van_CV640_CU_2025_1002_21-31-41_web-1536x1024.jpg 1536w, https:\/\/www.touringcars.com\/wp-content\/uploads\/2025\/02\/carado-imagebank-data_VE_Camper-Van_CV640_CU_2025_1002_21-31-41_web-2048x1365.jpg 2048w, https:\/\/www.touringcars.com\/wp-content\/uploads\/2025\/02\/carado-imagebank-data_VE_Camper-Van_CV640_CU_2025_1002_21-31-41_web-890x593.jpg 890w, https:\/\/www.touringcars.com\/wp-content\/uploads\/2025\/02\/carado-imagebank-data_VE_Camper-Van_CV640_CU_2025_1002_21-31-41_web-714x476.jpg 714w, https:\/\/www.touringcars.com\/wp-content\/uploads\/2025\/02\/carado-imagebank-data_VE_Camper-Van_CV640_CU_2025_1002_21-31-41_web-450x300.jpg 450w, https:\/\/www.touringcars.com\/wp-content\/uploads\/2025\/02\/carado-imagebank-data_VE_Camper-Van_CV640_CU_2025_1002_21-31-41_web-367x245.jpg 367w\" alt=\"VAN \u2013 2 hengelle\"><\/a><\/div><div class=\"content-container\"><h3><a href=\"https:\/\/www.touringcars.com\/fi\/vehicle-category\/van\/\">VAN \u2013 2 hengelle<\/a><\/h3><\/div><\/article><\/li><li class=\"glide__slide\"><article class=\"article reveal\"><div class=\"image-container\"><a href=\"https:\/\/www.touringcars.com\/fi\/vehicle-category\/van-4x4-automaatti\/\"><img decoding=\"async\" src=\"https:\/\/www.touringcars.com\/wp-content\/uploads\/2025\/11\/van-4x4-buerstner-habiton-2025-white-road-1-574x411.jpg\" srcset=\"https:\/\/www.touringcars.com\/wp-content\/uploads\/2025\/11\/van-4x4-buerstner-habiton-2025-white-road-1-300x215.jpg 300w, https:\/\/www.touringcars.com\/wp-content\/uploads\/2025\/11\/van-4x4-buerstner-habiton-2025-white-road-1-1024x733.jpg 1024w, https:\/\/www.touringcars.com\/wp-content\/uploads\/2025\/11\/van-4x4-buerstner-habiton-2025-white-road-1-768x550.jpg 768w, https:\/\/www.touringcars.com\/wp-content\/uploads\/2025\/11\/van-4x4-buerstner-habiton-2025-white-road-1-828x593.jpg 828w, https:\/\/www.touringcars.com\/wp-content\/uploads\/2025\/11\/van-4x4-buerstner-habiton-2025-white-road-1-714x511.jpg 714w, https:\/\/www.touringcars.com\/wp-content\/uploads\/2025\/11\/van-4x4-buerstner-habiton-2025-white-road-1-574x411.jpg 574w, https:\/\/www.touringcars.com\/wp-content\/uploads\/2025\/11\/van-4x4-buerstner-habiton-2025-white-road-1.jpg 1348w\" alt=\"VAN 4&#215;4 AUTOMAATTI &#8211; 2 hengelle\"><\/a><\/div><div class=\"content-container\"><h3><a href=\"https:\/\/www.touringcars.com\/fi\/vehicle-category\/van-4x4-automaatti\/\">VAN 4&#215;4 AUTOMAATTI &#8211; 2 hengelle<\/a><\/h3><\/div><\/article><\/li><li class=\"glide__slide\"><article class=\"article reveal\"><div class=\"image-container\"><a href=\"https:\/\/www.touringcars.com\/fi\/vehicle-category\/small\/\"><img decoding=\"async\" src=\"https:\/\/www.touringcars.com\/wp-content\/uploads\/2025\/02\/carado-imagebank-data_VE_Van_V339_CU_2025_1002_21-31-41_web-450x300.jpg\" srcset=\"https:\/\/www.touringcars.com\/wp-content\/uploads\/2025\/02\/carado-imagebank-data_VE_Van_V339_CU_2025_1002_21-31-41_web-300x200.jpg 300w, https:\/\/www.touringcars.com\/wp-content\/uploads\/2025\/02\/carado-imagebank-data_VE_Van_V339_CU_2025_1002_21-31-41_web-1024x682.jpg 1024w, https:\/\/www.touringcars.com\/wp-content\/uploads\/2025\/02\/carado-imagebank-data_VE_Van_V339_CU_2025_1002_21-31-41_web-768x512.jpg 768w, https:\/\/www.touringcars.com\/wp-content\/uploads\/2025\/02\/carado-imagebank-data_VE_Van_V339_CU_2025_1002_21-31-41_web-1536x1024.jpg 1536w, https:\/\/www.touringcars.com\/wp-content\/uploads\/2025\/02\/carado-imagebank-data_VE_Van_V339_CU_2025_1002_21-31-41_web-2048x1365.jpg 2048w, https:\/\/www.touringcars.com\/wp-content\/uploads\/2025\/02\/carado-imagebank-data_VE_Van_V339_CU_2025_1002_21-31-41_web-890x593.jpg 890w, https:\/\/www.touringcars.com\/wp-content\/uploads\/2025\/02\/carado-imagebank-data_VE_Van_V339_CU_2025_1002_21-31-41_web-714x476.jpg 714w, https:\/\/www.touringcars.com\/wp-content\/uploads\/2025\/02\/carado-imagebank-data_VE_Van_V339_CU_2025_1002_21-31-41_web-450x300.jpg 450w, https:\/\/www.touringcars.com\/wp-content\/uploads\/2025\/02\/carado-imagebank-data_VE_Van_V339_CU_2025_1002_21-31-41_web-367x245.jpg 367w\" alt=\"SMALL \u2013 2 hengelle\"><\/a><\/div><div class=\"content-container\"><h3><a href=\"https:\/\/www.touringcars.com\/fi\/vehicle-category\/small\/\">SMALL \u2013 2 hengelle<\/a><\/h3><\/div><\/article><\/li><li class=\"glide__slide\"><article class=\"article reveal\"><div class=\"image-container\"><a href=\"https:\/\/www.touringcars.com\/fi\/vehicle-category\/small-luxury\/\"><img decoding=\"async\" src=\"https:\/\/www.touringcars.com\/wp-content\/uploads\/2025\/02\/carado-imagebank-data_VE_Semi-Integrated_T447_CU_2025_1502_21-31-41_WEB-450x300.jpg\" srcset=\"https:\/\/www.touringcars.com\/wp-content\/uploads\/2025\/02\/carado-imagebank-data_VE_Semi-Integrated_T447_CU_2025_1502_21-31-41_WEB-300x200.jpg 300w, https:\/\/www.touringcars.com\/wp-content\/uploads\/2025\/02\/carado-imagebank-data_VE_Semi-Integrated_T447_CU_2025_1502_21-31-41_WEB-1024x683.jpg 1024w, https:\/\/www.touringcars.com\/wp-content\/uploads\/2025\/02\/carado-imagebank-data_VE_Semi-Integrated_T447_CU_2025_1502_21-31-41_WEB-768x512.jpg 768w, https:\/\/www.touringcars.com\/wp-content\/uploads\/2025\/02\/carado-imagebank-data_VE_Semi-Integrated_T447_CU_2025_1502_21-31-41_WEB-1536x1024.jpg 1536w, https:\/\/www.touringcars.com\/wp-content\/uploads\/2025\/02\/carado-imagebank-data_VE_Semi-Integrated_T447_CU_2025_1502_21-31-41_WEB-2048x1365.jpg 2048w, https:\/\/www.touringcars.com\/wp-content\/uploads\/2025\/02\/carado-imagebank-data_VE_Semi-Integrated_T447_CU_2025_1502_21-31-41_WEB-1920x1280.jpg 1920w, https:\/\/www.touringcars.com\/wp-content\/uploads\/2025\/02\/carado-imagebank-data_VE_Semi-Integrated_T447_CU_2025_1502_21-31-41_WEB-890x593.jpg 890w, https:\/\/www.touringcars.com\/wp-content\/uploads\/2025\/02\/carado-imagebank-data_VE_Semi-Integrated_T447_CU_2025_1502_21-31-41_WEB-714x476.jpg 714w, https:\/\/www.touringcars.com\/wp-content\/uploads\/2025\/02\/carado-imagebank-data_VE_Semi-Integrated_T447_CU_2025_1502_21-31-41_WEB-450x300.jpg 450w, https:\/\/www.touringcars.com\/wp-content\/uploads\/2025\/02\/carado-imagebank-data_VE_Semi-Integrated_T447_CU_2025_1502_21-31-41_WEB-367x245.jpg 367w\" alt=\"LUXURY &#8211; 2 hengelle\"><\/a><\/div><div class=\"content-container\"><h3><a href=\"https:\/\/www.touringcars.com\/fi\/vehicle-category\/small-luxury\/\">LUXURY &#8211; 2 hengelle<\/a><\/h3><\/div><\/article><\/li><li class=\"glide__slide\"><article class=\"article reveal\"><div class=\"image-container\"><a href=\"https:\/\/www.touringcars.com\/fi\/vehicle-category\/medium\/\"><img decoding=\"async\" src=\"https:\/\/www.touringcars.com\/wp-content\/uploads\/2025\/02\/carado-imagebank-data_VE_Semi-Integrated_T448_CU_2025_1002_21-31-41_web-450x300.jpg\" srcset=\"https:\/\/www.touringcars.com\/wp-content\/uploads\/2025\/02\/carado-imagebank-data_VE_Semi-Integrated_T448_CU_2025_1002_21-31-41_web-300x200.jpg 300w, https:\/\/www.touringcars.com\/wp-content\/uploads\/2025\/02\/carado-imagebank-data_VE_Semi-Integrated_T448_CU_2025_1002_21-31-41_web-1024x682.jpg 1024w, https:\/\/www.touringcars.com\/wp-content\/uploads\/2025\/02\/carado-imagebank-data_VE_Semi-Integrated_T448_CU_2025_1002_21-31-41_web-768x512.jpg 768w, https:\/\/www.touringcars.com\/wp-content\/uploads\/2025\/02\/carado-imagebank-data_VE_Semi-Integrated_T448_CU_2025_1002_21-31-41_web-1536x1024.jpg 1536w, https:\/\/www.touringcars.com\/wp-content\/uploads\/2025\/02\/carado-imagebank-data_VE_Semi-Integrated_T448_CU_2025_1002_21-31-41_web-2048x1365.jpg 2048w, https:\/\/www.touringcars.com\/wp-content\/uploads\/2025\/02\/carado-imagebank-data_VE_Semi-Integrated_T448_CU_2025_1002_21-31-41_web-890x593.jpg 890w, https:\/\/www.touringcars.com\/wp-content\/uploads\/2025\/02\/carado-imagebank-data_VE_Semi-Integrated_T448_CU_2025_1002_21-31-41_web-714x476.jpg 714w, https:\/\/www.touringcars.com\/wp-content\/uploads\/2025\/02\/carado-imagebank-data_VE_Semi-Integrated_T448_CU_2025_1002_21-31-41_web-450x300.jpg 450w, https:\/\/www.touringcars.com\/wp-content\/uploads\/2025\/02\/carado-imagebank-data_VE_Semi-Integrated_T448_CU_2025_1002_21-31-41_web-367x245.jpg 367w\" alt=\"MEDIUM \u2013 4 hengelle\"><\/a><\/div><div class=\"content-container\"><h3><a href=\"https:\/\/www.touringcars.com\/fi\/vehicle-category\/medium\/\">MEDIUM \u2013 4 hengelle<\/a><\/h3><\/div><\/article><\/li><li class=\"glide__slide\"><article class=\"article reveal\"><div class=\"image-container\"><a href=\"https:\/\/www.touringcars.com\/fi\/vehicle-category\/luxury\/\"><img decoding=\"async\" src=\"https:\/\/www.touringcars.com\/wp-content\/uploads\/2025\/02\/carado-imagebank-data_VE_Semi-Integrated_T447_CU_2025_1502_21-31-41_WEB-450x300.jpg\" srcset=\"https:\/\/www.touringcars.com\/wp-content\/uploads\/2025\/02\/carado-imagebank-data_VE_Semi-Integrated_T447_CU_2025_1502_21-31-41_WEB-300x200.jpg 300w, https:\/\/www.touringcars.com\/wp-content\/uploads\/2025\/02\/carado-imagebank-data_VE_Semi-Integrated_T447_CU_2025_1502_21-31-41_WEB-1024x683.jpg 1024w, https:\/\/www.touringcars.com\/wp-content\/uploads\/2025\/02\/carado-imagebank-data_VE_Semi-Integrated_T447_CU_2025_1502_21-31-41_WEB-768x512.jpg 768w, https:\/\/www.touringcars.com\/wp-content\/uploads\/2025\/02\/carado-imagebank-data_VE_Semi-Integrated_T447_CU_2025_1502_21-31-41_WEB-1536x1024.jpg 1536w, https:\/\/www.touringcars.com\/wp-content\/uploads\/2025\/02\/carado-imagebank-data_VE_Semi-Integrated_T447_CU_2025_1502_21-31-41_WEB-2048x1365.jpg 2048w, https:\/\/www.touringcars.com\/wp-content\/uploads\/2025\/02\/carado-imagebank-data_VE_Semi-Integrated_T447_CU_2025_1502_21-31-41_WEB-1920x1280.jpg 1920w, https:\/\/www.touringcars.com\/wp-content\/uploads\/2025\/02\/carado-imagebank-data_VE_Semi-Integrated_T447_CU_2025_1502_21-31-41_WEB-890x593.jpg 890w, https:\/\/www.touringcars.com\/wp-content\/uploads\/2025\/02\/carado-imagebank-data_VE_Semi-Integrated_T447_CU_2025_1502_21-31-41_WEB-714x476.jpg 714w, https:\/\/www.touringcars.com\/wp-content\/uploads\/2025\/02\/carado-imagebank-data_VE_Semi-Integrated_T447_CU_2025_1502_21-31-41_WEB-450x300.jpg 450w, https:\/\/www.touringcars.com\/wp-content\/uploads\/2025\/02\/carado-imagebank-data_VE_Semi-Integrated_T447_CU_2025_1502_21-31-41_WEB-367x245.jpg 367w\" alt=\"LUXURY &#8211; 4 hengelle\"><\/a><\/div><div class=\"content-container\"><h3><a href=\"https:\/\/www.touringcars.com\/fi\/vehicle-category\/luxury\/\">LUXURY &#8211; 4 hengelle<\/a><\/h3><\/div><\/article><\/li><li class=\"glide__slide\"><article class=\"article reveal\"><div class=\"image-container\"><a href=\"https:\/\/www.touringcars.com\/fi\/vehicle-category\/family\/\"><img decoding=\"async\" src=\"https:\/\/www.touringcars.com\/wp-content\/uploads\/2025\/02\/carado-imagebank-data_VE_Overcab_A361_CU_2025_1002_21-31-41_web-450x300.jpg\" srcset=\"https:\/\/www.touringcars.com\/wp-content\/uploads\/2025\/02\/carado-imagebank-data_VE_Overcab_A361_CU_2025_1002_21-31-41_web-300x200.jpg 300w, https:\/\/www.touringcars.com\/wp-content\/uploads\/2025\/02\/carado-imagebank-data_VE_Overcab_A361_CU_2025_1002_21-31-41_web-1024x682.jpg 1024w, https:\/\/www.touringcars.com\/wp-content\/uploads\/2025\/02\/carado-imagebank-data_VE_Overcab_A361_CU_2025_1002_21-31-41_web-768x512.jpg 768w, https:\/\/www.touringcars.com\/wp-content\/uploads\/2025\/02\/carado-imagebank-data_VE_Overcab_A361_CU_2025_1002_21-31-41_web-1536x1024.jpg 1536w, https:\/\/www.touringcars.com\/wp-content\/uploads\/2025\/02\/carado-imagebank-data_VE_Overcab_A361_CU_2025_1002_21-31-41_web-2048x1365.jpg 2048w, https:\/\/www.touringcars.com\/wp-content\/uploads\/2025\/02\/carado-imagebank-data_VE_Overcab_A361_CU_2025_1002_21-31-41_web-890x593.jpg 890w, https:\/\/www.touringcars.com\/wp-content\/uploads\/2025\/02\/carado-imagebank-data_VE_Overcab_A361_CU_2025_1002_21-31-41_web-714x476.jpg 714w, https:\/\/www.touringcars.com\/wp-content\/uploads\/2025\/02\/carado-imagebank-data_VE_Overcab_A361_CU_2025_1002_21-31-41_web-450x300.jpg 450w, https:\/\/www.touringcars.com\/wp-content\/uploads\/2025\/02\/carado-imagebank-data_VE_Overcab_A361_CU_2025_1002_21-31-41_web-367x245.jpg 367w\" alt=\"FAMILY \u2013 5 hengelle\"><\/a><\/div><div class=\"content-container\"><h3><a href=\"https:\/\/www.touringcars.com\/fi\/vehicle-category\/family\/\">FAMILY \u2013 5 hengelle<\/a><\/h3><\/div><\/article><\/li><li class=\"glide__slide\"><article class=\"article reveal\"><div class=\"image-container\"><a href=\"https:\/\/www.touringcars.com\/fi\/vehicle-category\/large\/\"><img decoding=\"async\" src=\"https:\/\/www.touringcars.com\/wp-content\/uploads\/2025\/02\/carado-imagebank-data_VE_Overcab_A464_CU_2025_1003_21-31-41_web-450x300.jpg\" srcset=\"https:\/\/www.touringcars.com\/wp-content\/uploads\/2025\/02\/carado-imagebank-data_VE_Overcab_A464_CU_2025_1003_21-31-41_web-300x200.jpg 300w, https:\/\/www.touringcars.com\/wp-content\/uploads\/2025\/02\/carado-imagebank-data_VE_Overcab_A464_CU_2025_1003_21-31-41_web-1024x682.jpg 1024w, https:\/\/www.touringcars.com\/wp-content\/uploads\/2025\/02\/carado-imagebank-data_VE_Overcab_A464_CU_2025_1003_21-31-41_web-768x512.jpg 768w, https:\/\/www.touringcars.com\/wp-content\/uploads\/2025\/02\/carado-imagebank-data_VE_Overcab_A464_CU_2025_1003_21-31-41_web-1536x1024.jpg 1536w, https:\/\/www.touringcars.com\/wp-content\/uploads\/2025\/02\/carado-imagebank-data_VE_Overcab_A464_CU_2025_1003_21-31-41_web-2048x1365.jpg 2048w, https:\/\/www.touringcars.com\/wp-content\/uploads\/2025\/02\/carado-imagebank-data_VE_Overcab_A464_CU_2025_1003_21-31-41_web-890x593.jpg 890w, https:\/\/www.touringcars.com\/wp-content\/uploads\/2025\/02\/carado-imagebank-data_VE_Overcab_A464_CU_2025_1003_21-31-41_web-714x476.jpg 714w, https:\/\/www.touringcars.com\/wp-content\/uploads\/2025\/02\/carado-imagebank-data_VE_Overcab_A464_CU_2025_1003_21-31-41_web-450x300.jpg 450w, https:\/\/www.touringcars.com\/wp-content\/uploads\/2025\/02\/carado-imagebank-data_VE_Overcab_A464_CU_2025_1003_21-31-41_web-367x245.jpg 367w\" alt=\"LARGE \u2013  5 tai 6 hengelle\"><\/a><\/div><div class=\"content-container\"><h3><a href=\"https:\/\/www.touringcars.com\/fi\/vehicle-category\/large\/\">LARGE \u2013  5 tai 6 hengelle<\/a><\/h3><\/div><\/article><\/li><\/ul><\/div><div class=\"glide__controls\"><div class=\"glide__arrows\" data-glide-el=\"controls\"><span class=\"glide__arrow glide__arrow--left\" data-glide-dir=\"<\"><\/span><span class=\"glide__arrow glide__arrow--right\" data-glide-dir=\">&#8221;><\/span><\/div><div class=\"glide__bullets\" data-glide-el=\"controls[nav]\"><span class=\"glide__bullet\" data-glide-dir=\"=0\" data-parent-uid=\"69f46f4101e59\"><\/span><span class=\"glide__bullet\" data-glide-dir=\"=1\" data-parent-uid=\"69f46f4101e59\"><\/span><span class=\"glide__bullet\" data-glide-dir=\"=2\" data-parent-uid=\"69f46f4101e59\"><\/span><span class=\"glide__bullet\" data-glide-dir=\"=3\" data-parent-uid=\"69f46f4101e59\"><\/span><span class=\"glide__bullet\" data-glide-dir=\"=4\" data-parent-uid=\"69f46f4101e59\"><\/span><span class=\"glide__bullet\" data-glide-dir=\"=5\" data-parent-uid=\"69f46f4101e59\"><\/span><span class=\"glide__bullet\" data-glide-dir=\"=6\" data-parent-uid=\"69f46f4101e59\"><\/span><span class=\"glide__bullet\" data-glide-dir=\"=7\" data-parent-uid=\"69f46f4101e59\"><\/span><span class=\"glide__bullet\" data-glide-dir=\"=8\" data-parent-uid=\"69f46f4101e59\"><\/span><span class=\"glide__bullet\" data-glide-dir=\"=9\" data-parent-uid=\"69f46f4101e59\"><\/span><\/div><\/div><\/div>    <\/div>\r\n<\/section>\n\n\n<h3 class=\"wp-block-heading\">Mit\u00e4 pakata mukaan matkailuautoon<strong> <\/strong><\/h3>\n\n\n\n<p>Pakkaa matkailuautoon mukaan kaikki <em>olennaiset tavarat, joita lemmikkisi tarvitsee p\u00e4ivitt\u00e4in.<\/em><\/p>\n\n\n\n<p>Kotoa mukaan otetut unipeitot, lelut ja ruoka- ja vesikupit auttavat lemmikki\u00e4si tuntemaan olonsa kotoisaksi ja turvalliseksi uudessa ymp\u00e4rist\u00f6ss\u00e4. Ota lis\u00e4ksi mukaan pieni pyyhe, jolla voit puhdistaa lemmikkisi tassut ennen matkailuautoon menoa, ja toinen puhdas pyyhe, jolla voit kuivata lemmikin turkin uinnin j\u00e4lkeen.&nbsp;<\/p>\n\n\n\n<p>Suosittelemme ottamaan mukaan lemmikkisi erikoisruoan, jota voi olla hankala l\u00f6yt\u00e4\u00e4 pienist\u00e4 paikallisista kaupoista, sek\u00e4 kaikki tarvittavat p\u00e4ivitt\u00e4iset l\u00e4\u00e4kkeet. \u00c4l\u00e4 unohda ottaa mukaan herkkuja ja puruluita. Matkailuauton takaosan suuressa s\u00e4ilytyslokerossa on runsaasti tilaa kaikille lemmikkitarvikkeille.<\/p>\n\n\n\n<p>Ennen kuin matkustat matkakohteeseesi, kiinnit\u00e4 huomiota <em>koirasi vuosittaisiin l\u00e4\u00e4kkeisiin ja esihoitoihin<\/em>. Muista antaa koirallesi vuosittainen madotuskuuri. Riippuen reitist\u00e4si ja aktiivisuudestasi luonnossa, voi olla hyv\u00e4 suojata lemmikkisi my\u00f6s punkkeja vastaan. \u00c4l\u00e4 unohda ottaa mukaasi p\u00e4ivitettyj\u00e4 rokotustodistuksia tai muita tarvittavia lupia, ja tarkista my\u00f6s, ett\u00e4 hihnassa on ID-tunniste. <\/p>\n\n\n\n<p>Jos mieless\u00e4si on matkailuauton vuokraus, tutustu etuk\u00e4teen my\u00f6s, mit\u00e4 muita t\u00e4rkeit\u00e4 asioita on <a href=\"https:\/\/www.touringcars.com\/fi\/vuokrausopas\/ennen-matkailuauton-noutoa\/\">hyv\u00e4 tiet\u00e4\u00e4 ennen matkailuauton noutoa.<\/a><\/p>\n\n\n\n<figure class=\"wp-block-image size-full\"><img decoding=\"async\" width=\"1707\" height=\"2560\" src=\"https:\/\/www.touringcars.com\/wp-content\/uploads\/2025\/05\/carado-imagebank-data_VE_Semi-Integrated_T457_PI_2024_0252_21-31-41_WEB-scaled.jpg\" alt=\"\" class=\"wp-image-18860\" srcset=\"https:\/\/www.touringcars.com\/wp-content\/uploads\/2025\/05\/carado-imagebank-data_VE_Semi-Integrated_T457_PI_2024_0252_21-31-41_WEB-scaled.jpg 1707w, https:\/\/www.touringcars.com\/wp-content\/uploads\/2025\/05\/carado-imagebank-data_VE_Semi-Integrated_T457_PI_2024_0252_21-31-41_WEB-200x300.jpg 200w, https:\/\/www.touringcars.com\/wp-content\/uploads\/2025\/05\/carado-imagebank-data_VE_Semi-Integrated_T457_PI_2024_0252_21-31-41_WEB-683x1024.jpg 683w, https:\/\/www.touringcars.com\/wp-content\/uploads\/2025\/05\/carado-imagebank-data_VE_Semi-Integrated_T457_PI_2024_0252_21-31-41_WEB-768x1152.jpg 768w, https:\/\/www.touringcars.com\/wp-content\/uploads\/2025\/05\/carado-imagebank-data_VE_Semi-Integrated_T457_PI_2024_0252_21-31-41_WEB-1024x1536.jpg 1024w, https:\/\/www.touringcars.com\/wp-content\/uploads\/2025\/05\/carado-imagebank-data_VE_Semi-Integrated_T457_PI_2024_0252_21-31-41_WEB-1365x2048.jpg 1365w, https:\/\/www.touringcars.com\/wp-content\/uploads\/2025\/05\/carado-imagebank-data_VE_Semi-Integrated_T457_PI_2024_0252_21-31-41_WEB-1280x1920.jpg 1280w, https:\/\/www.touringcars.com\/wp-content\/uploads\/2025\/05\/carado-imagebank-data_VE_Semi-Integrated_T457_PI_2024_0252_21-31-41_WEB-395x593.jpg 395w, https:\/\/www.touringcars.com\/wp-content\/uploads\/2025\/05\/carado-imagebank-data_VE_Semi-Integrated_T457_PI_2024_0252_21-31-41_WEB-354x531.jpg 354w, https:\/\/www.touringcars.com\/wp-content\/uploads\/2025\/05\/carado-imagebank-data_VE_Semi-Integrated_T457_PI_2024_0252_21-31-41_WEB-383x574.jpg 383w\" sizes=\"(max-width: 1707px) 100vw, 1707px\" \/><\/figure>\n\n\n\n<h3 class=\"wp-block-heading\">Matkalle l\u00e4hteminen<\/h3>\n\n\n\n<p>Osa lemmikeist\u00e4 sopeutuu helposti uusiin paikkoihin, kun taas toiset voivat helposti kokea stressi\u00e4. Kun haet ajoneuvon vuokraamosta, tuo lemmikkisi matkailuautoon ja anna sille aikaa tutustua uusiin sis\u00e4tiloihin. Jotkut koirat saattavat aluksi pel\u00e4t\u00e4 s\u00e4hk\u00f6k\u00e4ytt\u00f6isten ovien k\u00e4ytt\u00f6\u00e4, joten on t\u00e4rke\u00e4\u00e4 totuttaa ja rohkaista koiraa matkailuautoon menemisess\u00e4 ja sielt\u00e4 poistumisessa. <\/p>\n\n\n\n<p>Aseta lemmikkisi lempimakuupeitto sille varattuun paikkaan, jotta se voi merkit\u00e4 oman nukkumispaikkansa matkailuautossa. Varmista ennen matkaa, <em>ett\u00e4 kaikki matkustajat, my\u00f6s lemmikkisi, ovat kunnolla turvav\u00f6iss\u00e4. <\/em>Pienet koirat ja kissat voivat matkustaa kuljetuskopassa, isommat koirat turvavaljaissa. Muista peitt\u00e4\u00e4 lemmikkisi istuinalue.<\/p>\n\n\n\n<h3 class=\"wp-block-heading\">Vinkkej\u00e4 matkustamiseen matkailuautolla lemmikin kanssa<\/h3>\n\n\n\n<p>Varmistaaksesi miellytt\u00e4v\u00e4n matkakokemuksen, <em>aja tasaisesti ja <\/em>v\u00e4lt\u00e4 \u00e4kkin\u00e4isi\u00e4 liikkeit\u00e4 ja voimakkaita jarrutuksia. Jos lemmikill\u00e4si on taipumusta matkapahoinvointiin, tarjoa lemmikillesi pieni aamupala ja rajoitetusti v\u00e4lipaloja matkan aikana.<\/p>\n\n\n\n<p>Vuoristoalueilla<em> ilmanpaineen<\/em> muutokset<em> voivat aiheuttaa ep\u00e4mukavuutta<\/em> my\u00f6s lemmikkisi kannalta. Voit yritt\u00e4\u00e4 v\u00e4ltt\u00e4\u00e4 t\u00e4m\u00e4n antamalla sille purulelun, joka auttaa tasapainottamaan paineen vaihteluita pureskelun avulla.<\/p>\n\n\n\n<p>Kun k\u00e4yt\u00e4t lauttaa tai vuonovenett\u00e4, tarkista paikalliset s\u00e4\u00e4nn\u00f6t lemmikkiel\u00e4imen kanssa matkustamisesta, jotta tied\u00e4t mahdolliset erityisj\u00e4rjestelyt vesialueen ylitt\u00e4misen aikana.&nbsp;<\/p>\n\n\n\n<p>Muista <em>pit\u00e4\u00e4 riitt\u00e4v\u00e4sti taukoja<\/em> ajon aikana, kuten pienten lasten kanssa matkustettaessa. Lemmikkien on venytelt\u00e4v\u00e4, saatava raitista ilmaa ja juotava raikasta vett\u00e4, aivan kuten meid\u00e4n ihmismatkustajienkin.&nbsp;<\/p>\n\n\n\n<p>Kun pys\u00e4hdyt ostoksille,<em> v\u00e4lt\u00e4 j\u00e4tt\u00e4m\u00e4st\u00e4 lemmikki\u00e4 ajoneuvoon pitk\u00e4ksi aikaa kes\u00e4ll\u00e4<\/em>. Kuumalla s\u00e4\u00e4ll\u00e4 sis\u00e4l\u00e4mp\u00f6tila voi helposti nousta ep\u00e4miellytt\u00e4v\u00e4n l\u00e4mpim\u00e4ksi.&nbsp;Tutki lemmikkiel\u00e4inyst\u00e4v\u00e4llisi\u00e4 puistoja tai polkuja, jotta <em>lemmikkisi voi harrastaa matkan varrella<\/em>.<\/p>\n\n\n\n<figure class=\"wp-block-image size-full\"><img decoding=\"async\" src=\"https:\/\/www.touringcars.com\/wp-content\/uploads\/2025\/01\/carado-imagebank-data_OTZ_Camper-Van_CV600_PI_2024_0032_20-31-41_WEB.jpg\" alt=\"\" class=\"wp-image-18400\"\/><\/figure>\n\n\n\n<p class=\"text-align-center\"><\/p>\n\n\n\n<h3 class=\"wp-block-heading\">Y\u00f6pyminen leirint\u00e4alueella<\/h3>\n\n\n\n<p>Yrit\u00e4 pit\u00e4\u00e4 yll\u00e4 p\u00e4ivitt\u00e4ist\u00e4 rutiinia my\u00f6s loman aikana, sill\u00e4 se auttaa lemmikki\u00e4si sopeutumaan matkustamiseen ja kiinnit\u00e4 normaalia enemm\u00e4n huomiota siihen, ett\u00e4 lemmikkisi saa lev\u00e4t\u00e4 rauhassa.<\/p>\n\n\n\n<p>Matkailuautolla voit helposti viett\u00e4\u00e4 pari y\u00f6t\u00e4 maaseudulla tai parkkipaikoilla ilman kolmannen osapuolen infrastruktuuripalveluja, jos paikallinen lains\u00e4\u00e4d\u00e4nt\u00f6 sen sallii. Matkailuautoissamme on omavarainen varustelu, johon kuuluu suuret puhtaan ja k\u00e4ytetyn veden s\u00e4ili\u00f6t sek\u00e4 kasettik\u00e4ym\u00e4l\u00e4. Kun sinulla ei ole pistorasias\u00e4hk\u00f6\u00e4, j\u00e4\u00e4kaappi toimii kaasulla. P\u00e4ivitt\u00e4isten toimintojen yll\u00e4pit\u00e4miseksi on kuitenkin suositeltavaa k\u00e4ytt\u00e4\u00e4 ajoittain leirint\u00e4alueen tai virallisen asuntoautopuiston palveluja. Vastaavanlaisia palveluja l\u00f6yd\u00e4t esimerkiksi <a href=\"https:\/\/www.park4night.com\/en\">Park4nightin<\/a> kaltaiselta alustalta.&nbsp;<\/p>\n\n\n\n<p>Kun <em>valitset leirint\u00e4aluetta<\/em>, muista tarkistaa sen lemmikkej\u00e4 koskevat s\u00e4\u00e4nn\u00f6t. Useimmilla leirint\u00e4alueilla lemmikit on sallittu, mutta voit helposti tarkistaa sopivat leirint\u00e4alueet <a href=\"https:\/\/www.eurocampings.co.uk\/campsite\/search\/q\/popular-amenities:dog-s-in-high-season-on-lead\/campsite-rules:motorhomes-allowed,dog-s-in-high-season-on-lead\/dogs:dog-s-in-high-season-on-lead\/for-motorhomes:motorhomes-allowed\/period-of-stay:null\/filter-name-flex-days:2\/filter-name-travel-party:facet-name-adults_2\/sort:recommended\/paging:0,10\/view:map\">EuroCampingsin<\/a> kaltaiselta alustalta.&nbsp;<\/p>\n\n\n\n<p>Muista pit\u00e4\u00e4 lemmikkisi aina hihnassa. Tarkista saapuessasi leirint\u00e4alueen erityiset lemmikkej\u00e4 koskevat s\u00e4\u00e4nn\u00f6t, uinti- ja leikkialueet sek\u00e4 lemmikeille tarjottavat mukavuudet.&nbsp;<\/p>\n\n\n\n<p>Suosikaa pys\u00e4k\u00f6intipaikkaa leirint\u00e4alueen laitamilta, jotta lemmikille ei koidu liikaa \u00e4rsykkeit\u00e4 sen luonnolliselle k\u00e4ytt\u00e4ytymiselle vartioidakseen ja suojellakseen asuinaluettaan. Se mahdollistaa my\u00f6s helpomman p\u00e4\u00e4syn k\u00e4velylle.&nbsp;<\/p>\n\n\n\n<p>Matkailuauton <em>markiisin avulla voit tarjota<\/em> koirallesi <em>varjoisia alueita<\/em>, joissa se voi rentoutua ja lev\u00e4t\u00e4 kes\u00e4ll\u00e4. Toinen hyv\u00e4 tapa viilent\u00e4\u00e4 itse\u00e4si ja koiraasi on vierailla lemmikkiyst\u00e4v\u00e4llisell\u00e4 rannalla ja pulahtaa virkist\u00e4ytym\u00e4\u00e4n veteen.<\/p>\n\n\n\n<p>Kun palaat matkailuautoon, muista kuivata ja puhdistaa koirasi ennen kuin p\u00e4\u00e4st\u00e4t sen ajoneuvoon. Puhdas ajoneuvo on paljon miellytt\u00e4v\u00e4mpi ja turvallisempi kaikille matkustajille ja majoittujille.&nbsp;<\/p>\n\n\n\n<p>Lemmikin rodusta, i\u00e4st\u00e4 ja terveydentilasta riippuen sinun on ehk\u00e4 harkittava my\u00f6s muita erityisj\u00e4rjestelyj\u00e4. Koska tunnet karvaisen perheenj\u00e4senesi parhaiten ja olette matkustaneet yhdess\u00e4 aiemmin, tied\u00e4t mitk\u00e4 niksit on otettava huomioon, jotta lomastasi tulisi mahdollisimman sujuva ja stressit\u00f6n. Asuntoauton vuokraus tarjoaa erinomaisen tavan matkustaa lemmikin kanssa joustavasti ja mukavasti.<\/p>\n\n\n\n<figure class=\"wp-block-image size-large\"><img decoding=\"async\" width=\"1024\" height=\"683\" src=\"https:\/\/www.touringcars.com\/wp-content\/uploads\/2025\/03\/pnw-production-pexels-motorhome-dog-pet.jpg-1024x683.webp\" alt=\"Koira ja nainen matkailuautossa\" class=\"wp-image-16965\" srcset=\"https:\/\/www.touringcars.com\/wp-content\/uploads\/2025\/03\/pnw-production-pexels-motorhome-dog-pet.jpg-1024x683.webp 1024w, https:\/\/www.touringcars.com\/wp-content\/uploads\/2025\/03\/pnw-production-pexels-motorhome-dog-pet.jpg-300x200.webp 300w, https:\/\/www.touringcars.com\/wp-content\/uploads\/2025\/03\/pnw-production-pexels-motorhome-dog-pet.jpg-768x512.webp 768w, https:\/\/www.touringcars.com\/wp-content\/uploads\/2025\/03\/pnw-production-pexels-motorhome-dog-pet.jpg-889x593.webp 889w, https:\/\/www.touringcars.com\/wp-content\/uploads\/2025\/03\/pnw-production-pexels-motorhome-dog-pet.jpg-714x476.webp 714w, https:\/\/www.touringcars.com\/wp-content\/uploads\/2025\/03\/pnw-production-pexels-motorhome-dog-pet.jpg-450x300.webp 450w, https:\/\/www.touringcars.com\/wp-content\/uploads\/2025\/03\/pnw-production-pexels-motorhome-dog-pet.jpg-367x245.webp 367w, https:\/\/www.touringcars.com\/wp-content\/uploads\/2025\/03\/pnw-production-pexels-motorhome-dog-pet.jpg.webp 1090w\" sizes=\"(max-width: 1024px) 100vw, 1024px\" \/><figcaption class=\"wp-element-caption\">Kuva: PNW Production<\/figcaption><\/figure>\n\n\n\n<h3 class=\"wp-block-heading text-align-center\">L\u00e4hde parhaalle asuntoautoreissulle yhdess\u00e4 lemmikkisi kanssa<\/h3>\n\n\n\n<p>Asuntoauton vuokraus on t\u00e4ydellinen ratkaisu, kun haluat matkustaa yhdess\u00e4 p\u00f6rr\u00f6isen yst\u00e4v\u00e4si kanssa. Valitsemalla lemmikkiyst\u00e4v\u00e4llisen auton ja valmistautumalla hyvin voitte nauttia huolettomasta ja mukavasta matkasta yhdess\u00e4.<\/p>\n\n\n\n<p><a href=\"https:\/\/www.touringcars.com\/fi\/matkailuauton-vuokraus\/\">Vuokraa Touring Carsin asuntoauto<\/a> ja l\u00e4hde unohtumattomalle matkalle!<strong> <\/strong>Lemmikit ovat tervetulleita kaikkiin matkailuautoihimme \u2013&nbsp;muista vain lis\u00e4t\u00e4 <em>lemmikkiel\u00e4inmaksu<\/em> varaukseesi. Valitse auto, joka tarjoaa riitt\u00e4v\u00e4sti tilaa kaikille matkustajille ja huolehdi lemmikkisi hyvinvoinnista koko matkan ajan.<\/p>\n\n\n\n<p><em>Toivotamme teille virkist\u00e4v\u00e4\u00e4 lomaa ja mukavia hetki\u00e4 matkailuautolomallanne!<\/em><\/p>\n\n\n\n<figure class=\"wp-block-image size-large\"><img decoding=\"async\" width=\"1024\" height=\"683\" src=\"https:\/\/www.touringcars.com\/wp-content\/uploads\/2025\/03\/norway20blog202320till20daling.jpg-1024x683.webp\" alt=\"\" class=\"wp-image-16958\" srcset=\"https:\/\/www.touringcars.com\/wp-content\/uploads\/2025\/03\/norway20blog202320till20daling.jpg-1024x683.webp 1024w, https:\/\/www.touringcars.com\/wp-content\/uploads\/2025\/03\/norway20blog202320till20daling.jpg-300x200.webp 300w, https:\/\/www.touringcars.com\/wp-content\/uploads\/2025\/03\/norway20blog202320till20daling.jpg-768x512.webp 768w, https:\/\/www.touringcars.com\/wp-content\/uploads\/2025\/03\/norway20blog202320till20daling.jpg-889x593.webp 889w, https:\/\/www.touringcars.com\/wp-content\/uploads\/2025\/03\/norway20blog202320till20daling.jpg-714x476.webp 714w, https:\/\/www.touringcars.com\/wp-content\/uploads\/2025\/03\/norway20blog202320till20daling.jpg-450x300.webp 450w, https:\/\/www.touringcars.com\/wp-content\/uploads\/2025\/03\/norway20blog202320till20daling.jpg-367x245.webp 367w, https:\/\/www.touringcars.com\/wp-content\/uploads\/2025\/03\/norway20blog202320till20daling.jpg.webp 1090w\" sizes=\"(max-width: 1024px) 100vw, 1024px\" \/><figcaption class=\"wp-element-caption\">Kuva: Till Daling<\/figcaption><\/figure>\n\n\n\n<p><\/p>\n\n\n\n<h3 class=\"wp-block-heading\">Nauti Good Feelings -lomasta kanssamme<\/h3>\n\n\n\n<p>Jos tarvitset lis\u00e4ohjeita matkailuautoloman varaamiseen Suomessa, Ruotsissa, Norjassa, Islannissa, Virossa tai Englannissa, <em>\u00e4l\u00e4 ep\u00e4r\u00f6i ottaa yhteytt\u00e4 kansainv\u00e4liseen myyntitoimistoomme <\/em>(englanninkielinen palvelu) puhelimitse, s\u00e4hk\u00f6postitse tai online-chatin kautta.<\/p>\n\n\n\n<p><\/p>\n\n\n\n<h4 class=\"wp-block-heading\">MATKAILUAUTON VUOKRAUS EUROOPASSA<\/h4>\n\n\n\n<p><strong>Touring Cars Internationalin myyntitoimisto<\/strong><\/p>\n\n\n\n<p>puh. <a href=\"tel:35898494050\">+358 9 849 4050<\/a> <a href=\"mailto:info@touringcars.eu\">info@touringcars.eu<\/a> <\/p>\n\n\n\n<p><a href=\"https:\/\/www.touringcars.eu\/en\/contact-us\">Ota yhteytt\u00e4<\/a><\/p>\n\n\n\n<h3 class=\"wp-block-heading\">&nbsp;<\/h3>\n\n\n\n<p><em>Piditk\u00f6 artikkelista? Mit\u00e4 vinkkej\u00e4 haluaisit saada ennen matkailuautolomakohteeseen matkustamista? <\/em><\/p>\n\n\n\n<p>Jaa <a href=\"mailto:info@touringcars.eu\" target=\"_blank\" rel=\"noopener\">ajatuksesi kanssamme<\/a>.  <\/p>\n","protected":false},"excerpt":{"rendered":"<p>Matkailuautoloma lemmikin kanssa Matkailuauton vuokraus on t\u00e4ydellinen valinta lemmikin kanssa matkustavalle. Meid\u00e4n matkailuautoihimme ovat&#8230;<\/p>\n","protected":false},"author":1,"featured_media":18809,"comment_status":"closed","ping_status":"closed","sticky":false,"template":"","format":"standard","meta":{"_acf_changed":false,"footnotes":""},"categories":[292],"tags":[],"location":[],"class_list":["post-14965","post","type-post","status-publish","format-standard","has-post-thumbnail","hentry","category-matkavinkit"],"acf":[],"_links":{"self":[{"href":"https:\/\/www.touringcars.com\/fi\/wp-json\/wp\/v2\/posts\/14965","targetHints":{"allow":["GET"]}}],"collection":[{"href":"https:\/\/www.touringcars.com\/fi\/wp-json\/wp\/v2\/posts"}],"about":[{"href":"https:\/\/www.touringcars.com\/fi\/wp-json\/wp\/v2\/types\/post"}],"author":[{"embeddable":true,"href":"https:\/\/www.touringcars.com\/fi\/wp-json\/wp\/v2\/users\/1"}],"replies":[{"embeddable":true,"href":"https:\/\/www.touringcars.com\/fi\/wp-json\/wp\/v2\/comments?post=14965"}],"version-history":[{"count":5,"href":"https:\/\/www.touringcars.com\/fi\/wp-json\/wp\/v2\/posts\/14965\/revisions"}],"predecessor-version":[{"id":18964,"href":"https:\/\/www.touringcars.com\/fi\/wp-json\/wp\/v2\/posts\/14965\/revisions\/18964"}],"wp:featuredmedia":[{"embeddable":true,"href":"https:\/\/www.touringcars.com\/fi\/wp-json\/wp\/v2\/media\/18809"}],"wp:attachment":[{"href":"https:\/\/www.touringcars.com\/fi\/wp-json\/wp\/v2\/media?parent=14965"}],"wp:term":[{"taxonomy":"category","embeddable":true,"href":"https:\/\/www.touringcars.com\/fi\/wp-json\/wp\/v2\/categories?post=14965"},{"taxonomy":"post_tag","embeddable":true,"href":"https:\/\/www.touringcars.com\/fi\/wp-json\/wp\/v2\/tags?post=14965"},{"taxonomy":"location","embeddable":true,"href":"https:\/\/www.touringcars.com\/fi\/wp-json\/wp\/v2\/location?post=14965"}],"curies":[{"name":"wp","href":"https:\/\/api.w.org\/{rel}","templated":true}]}}